{"id":499,"date":"2015-07-01T12:00:16","date_gmt":"2015-07-01T10:00:16","guid":{"rendered":"http:\/\/moozpaper.com\/jupiter\/?p=7"},"modified":"2015-07-17T14:08:08","modified_gmt":"2015-07-17T12:08:08","slug":"mauris-ac-risus-neque-ut-pulvinar-risus","status":"publish","type":"post","link":"https:\/\/djecja.tv\/?p=499","title":{"rendered":"Dje\u010dja tv u posjetu Zoolo\u0161kom vrtu u Zagrebu"},"content":{"rendered":"[vc_row][vc_column width=&#8221;1\/1&#8243;][vc_column_text disable_pattern=&#8221;true&#8221; align=&#8221;left&#8221; margin_bottom=&#8221;0&#8243; p_margin_bottom=&#8221;20&#8243; width=&#8221;1\/1&#8243; el_position=&#8221;first last&#8221;]<strong>Pogledajte kako nam je bilo u zoolo\u0161kom vrtu u Zagrebu u na\u0161em video prilogu<\/strong><\/p>\n[\/vc_column_text][mk_blockquote style=&#8221;line-style&#8221; text_size=&#8221;16&#8243; align=&#8221;left&#8221; width=&#8221;1\/1&#8243; el_position=&#8221;first last&#8221; font_family=&#8221;none&#8221;]Zoolo\u0161ki vrt grada Zagreba je jedan od 3 zoolo\u0161ka vrta u Hrvatskoj. Prostire se na povr\u0161ini od 7 hektara, a smje\u0161ten je u ju\u017enom dijelu parka Maksimira. Ima 275 vrsta \u017eivotinja i 2 225 jedinki sa gotovo svih kontinenata. Zastupljeni su sisavci, ptice, gmazovi, vodozemci, ribe i beskralje\u017enjaci.[\/mk_blockquote][vc_column_text disable_pattern=&#8221;true&#8221; align=&#8221;left&#8221; margin_bottom=&#8221;0&#8243; p_margin_bottom=&#8221;20&#8243; width=&#8221;1\/1&#8243; el_position=&#8221;first last&#8221;]Ideju o osnivanju zoolo\u0161kog vrta u Zagrebu promovirali su ve\u0107 1905. godine banski savjetnik dr. Ivo Malin, prof. dr. August Langhoffer i dr. Ervin R\u00f6ssler. Zoolo\u0161ki vrt grada Zagreba osnovao je Mijo pl. Filipovi\u0107 27. lipnja 1925. i najstariji je zoolo\u0161ki vrt u jugoisto\u010dnoj Europi. Na dan otvorenja u njemu su bile samo 3 lisice i 2 sove. Tri lisice poklonio je Miji Filipovi\u0107u prof. dr. Langhoffer, tada\u0161nji ravnatelj zoolo\u0161kog muzeja u Zagrebu. Sove je poklonio Petar Dimec, donesav\u0161i ih u zelenom \u0161e\u0161iru. Ulaznica je prvih dana iznosila jedan dinar. Zoolo\u0161ki se 1926. \u0161iri i na kopno. 1933. po\u010dinje izlaziti mjese\u010dnik &#8220;Zoolo\u0161ki Vrti\u0107&#8221;.<br \/>\nEuroazijski ris<\/p>\n<p>1972. dobiva tropsku ku\u0107u i njegovog danas najstarijeg stanovnika, nilskog krokodila. Od 1990. zapo\u010dinje velika obnova i moderniziranje vrta. \u017divotinje su dobile ve\u0107e, ljep\u0161e i modernije nastambe, a one \u017eivotinje kojima se nije mogao pru\u017eiti adekvatan prostor, dislocirane su u druge vrtove. Vrt organizira brojne edukativne obilaske, zabave te doga\u0111anja. U svibnju 2014. izgra\u0111ena je nova nastamba za lavove veli\u010dine 1 800 kvadrata, dok je stara brojila oko 200. Ima svoju lavovsku \u0161pilju, stjenovite otoke kao u savani, svoje pojili\u0161te, te grijanu stijenu na sredini na kojoj mogu u\u017eivati na suncu.[\/vc_column_text][mk_divider style=&#8221;padding_space&#8221; divider_width=&#8221;full_width&#8221; custom_width=&#8221;10&#8243; align=&#8221;center&#8221; thickness=&#8221;1&#8243; margin_top=&#8221;10&#8243; margin_bottom=&#8221;20&#8243;][\/vc_column][\/vc_row][vc_row][vc_column width=&#8221;1\/1&#8243;][vc_video link=&#8221;http:\/\/youtu.be\/xi4W4hEtLQ0&#8243;][\/vc_column][\/vc_row]\n","protected":false},"excerpt":{"rendered":"<p>Pogledajte kako nam je bilo u zoolo\u0161kom vrtu u Zagrebu&#8230;<\/p>\n","protected":false},"author":1,"featured_media":6243,"comment_status":"open","ping_status":"closed","sticky":false,"template":"","format":"standard","meta":{"footnotes":""},"categories":[47,48],"tags":[51,52],"class_list":["post-499","post","type-post","status-publish","format-standard","has-post-thumbnail","hentry","category-naslovna","category-novosti","tag-novosti","tag-ugostima"],"yoast_head":"<!-- This site is optimized with the Yoast SEO plugin v27.4 - https:\/\/yoast.com\/product\/yoast-seo-wordpress\/ -->\n<title>Dje\u010dja tv u posjetu Zoolo\u0161kom vrtu u Zagrebu - Dje\u010dja televizija<\/title>\n<meta name=\"robots\" content=\"index, follow, max-snippet:-1, max-image-preview:large, max-video-preview:-1\" \/>\n<link rel=\"canonical\" href=\"https:\/\/djecja.tv\/?p=499\" \/>\n<meta property=\"og:locale\" content=\"en_US\" \/>\n<meta property=\"og:type\" content=\"article\" \/>\n<meta property=\"og:title\" content=\"Dje\u010dja tv u posjetu Zoolo\u0161kom vrtu u Zagrebu - Dje\u010dja televizija\" \/>\n<meta property=\"og:description\" content=\"Pogledajte kako nam je bilo u zoolo\u0161kom vrtu u Zagrebu...\" \/>\n<meta property=\"og:url\" content=\"https:\/\/djecja.tv\/?p=499\" \/>\n<meta property=\"og:site_name\" content=\"Dje\u010dja televizija\" \/>\n<meta property=\"article:published_time\" content=\"2015-07-01T10:00:16+00:00\" \/>\n<meta property=\"article:modified_time\" content=\"2015-07-17T12:08:08+00:00\" \/>\n<meta property=\"og:image\" content=\"https:\/\/djecja.tv\/wp-content\/uploads\/2013\/05\/zebre-zoo1.jpg\" \/>\n\t<meta property=\"og:image:width\" content=\"665\" \/>\n\t<meta property=\"og:image:height\" content=\"430\" \/>\n\t<meta property=\"og:image:type\" content=\"image\/jpeg\" \/>\n<meta name=\"author\" content=\"Dje\u010dja televizija\" \/>\n<meta name=\"twitter:card\" content=\"summary_large_image\" \/>\n<meta name=\"twitter:label1\" content=\"Written by\" \/>\n\t<meta name=\"twitter:data1\" content=\"Dje\u010dja televizija\" \/>\n\t<meta name=\"twitter:label2\" content=\"Est. reading time\" \/>\n\t<meta name=\"twitter:data2\" content=\"2 minutes\" \/>\n<script type=\"application\/ld+json\" class=\"yoast-schema-graph\">{\"@context\":\"https:\\\/\\\/schema.org\",\"@graph\":[{\"@type\":\"Article\",\"@id\":\"https:\\\/\\\/djecja.tv\\\/?p=499#article\",\"isPartOf\":{\"@id\":\"https:\\\/\\\/djecja.tv\\\/?p=499\"},\"author\":{\"name\":\"Dje\u010dja televizija\",\"@id\":\"https:\\\/\\\/djecja.tv\\\/#\\\/schema\\\/person\\\/be623017e2604f134e860c1c2ca30758\"},\"headline\":\"Dje\u010dja tv u posjetu Zoolo\u0161kom vrtu u Zagrebu\",\"datePublished\":\"2015-07-01T10:00:16+00:00\",\"dateModified\":\"2015-07-17T12:08:08+00:00\",\"mainEntityOfPage\":{\"@id\":\"https:\\\/\\\/djecja.tv\\\/?p=499\"},\"wordCount\":387,\"commentCount\":0,\"image\":{\"@id\":\"https:\\\/\\\/djecja.tv\\\/?p=499#primaryimage\"},\"thumbnailUrl\":\"https:\\\/\\\/djecja.tv\\\/wp-content\\\/uploads\\\/2013\\\/05\\\/zebre-zoo1.jpg\",\"keywords\":[\"novosti\",\"ugostima\"],\"articleSection\":[\"naslovna\",\"Novosti\"],\"inLanguage\":\"en-US\",\"potentialAction\":[{\"@type\":\"CommentAction\",\"name\":\"Comment\",\"target\":[\"https:\\\/\\\/djecja.tv\\\/?p=499#respond\"]}]},{\"@type\":\"WebPage\",\"@id\":\"https:\\\/\\\/djecja.tv\\\/?p=499\",\"url\":\"https:\\\/\\\/djecja.tv\\\/?p=499\",\"name\":\"Dje\u010dja tv u posjetu Zoolo\u0161kom vrtu u Zagrebu - Dje\u010dja televizija\",\"isPartOf\":{\"@id\":\"https:\\\/\\\/djecja.tv\\\/#website\"},\"primaryImageOfPage\":{\"@id\":\"https:\\\/\\\/djecja.tv\\\/?p=499#primaryimage\"},\"image\":{\"@id\":\"https:\\\/\\\/djecja.tv\\\/?p=499#primaryimage\"},\"thumbnailUrl\":\"https:\\\/\\\/djecja.tv\\\/wp-content\\\/uploads\\\/2013\\\/05\\\/zebre-zoo1.jpg\",\"datePublished\":\"2015-07-01T10:00:16+00:00\",\"dateModified\":\"2015-07-17T12:08:08+00:00\",\"author\":{\"@id\":\"https:\\\/\\\/djecja.tv\\\/#\\\/schema\\\/person\\\/be623017e2604f134e860c1c2ca30758\"},\"breadcrumb\":{\"@id\":\"https:\\\/\\\/djecja.tv\\\/?p=499#breadcrumb\"},\"inLanguage\":\"en-US\",\"potentialAction\":[{\"@type\":\"ReadAction\",\"target\":[\"https:\\\/\\\/djecja.tv\\\/?p=499\"]}]},{\"@type\":\"ImageObject\",\"inLanguage\":\"en-US\",\"@id\":\"https:\\\/\\\/djecja.tv\\\/?p=499#primaryimage\",\"url\":\"https:\\\/\\\/djecja.tv\\\/wp-content\\\/uploads\\\/2013\\\/05\\\/zebre-zoo1.jpg\",\"contentUrl\":\"https:\\\/\\\/djecja.tv\\\/wp-content\\\/uploads\\\/2013\\\/05\\\/zebre-zoo1.jpg\",\"width\":665,\"height\":430},{\"@type\":\"BreadcrumbList\",\"@id\":\"https:\\\/\\\/djecja.tv\\\/?p=499#breadcrumb\",\"itemListElement\":[{\"@type\":\"ListItem\",\"position\":1,\"name\":\"Home\",\"item\":\"https:\\\/\\\/djecja.tv\\\/\"},{\"@type\":\"ListItem\",\"position\":2,\"name\":\"Dje\u010dja tv u posjetu Zoolo\u0161kom vrtu u Zagrebu\"}]},{\"@type\":\"WebSite\",\"@id\":\"https:\\\/\\\/djecja.tv\\\/#website\",\"url\":\"https:\\\/\\\/djecja.tv\\\/\",\"name\":\"Dje\u010dja televizija\",\"description\":\"\",\"potentialAction\":[{\"@type\":\"SearchAction\",\"target\":{\"@type\":\"EntryPoint\",\"urlTemplate\":\"https:\\\/\\\/djecja.tv\\\/?s={search_term_string}\"},\"query-input\":{\"@type\":\"PropertyValueSpecification\",\"valueRequired\":true,\"valueName\":\"search_term_string\"}}],\"inLanguage\":\"en-US\"},{\"@type\":\"Person\",\"@id\":\"https:\\\/\\\/djecja.tv\\\/#\\\/schema\\\/person\\\/be623017e2604f134e860c1c2ca30758\",\"name\":\"Dje\u010dja televizija\",\"image\":{\"@type\":\"ImageObject\",\"inLanguage\":\"en-US\",\"@id\":\"https:\\\/\\\/secure.gravatar.com\\\/avatar\\\/dff39974bf5b8b263ac8487f1947a3512561df2b4250db77d51fd2edeab95769?s=96&d=mm&r=g\",\"url\":\"https:\\\/\\\/secure.gravatar.com\\\/avatar\\\/dff39974bf5b8b263ac8487f1947a3512561df2b4250db77d51fd2edeab95769?s=96&d=mm&r=g\",\"contentUrl\":\"https:\\\/\\\/secure.gravatar.com\\\/avatar\\\/dff39974bf5b8b263ac8487f1947a3512561df2b4250db77d51fd2edeab95769?s=96&d=mm&r=g\",\"caption\":\"Dje\u010dja televizija\"},\"url\":\"https:\\\/\\\/djecja.tv\\\/?author=1\"}]}<\/script>\n<!-- \/ Yoast SEO plugin. -->","yoast_head_json":{"title":"Dje\u010dja tv u posjetu Zoolo\u0161kom vrtu u Zagrebu - Dje\u010dja televizija","robots":{"index":"index","follow":"follow","max-snippet":"max-snippet:-1","max-image-preview":"max-image-preview:large","max-video-preview":"max-video-preview:-1"},"canonical":"https:\/\/djecja.tv\/?p=499","og_locale":"en_US","og_type":"article","og_title":"Dje\u010dja tv u posjetu Zoolo\u0161kom vrtu u Zagrebu - Dje\u010dja televizija","og_description":"Pogledajte kako nam je bilo u zoolo\u0161kom vrtu u Zagrebu...","og_url":"https:\/\/djecja.tv\/?p=499","og_site_name":"Dje\u010dja televizija","article_published_time":"2015-07-01T10:00:16+00:00","article_modified_time":"2015-07-17T12:08:08+00:00","og_image":[{"width":665,"height":430,"url":"https:\/\/djecja.tv\/wp-content\/uploads\/2013\/05\/zebre-zoo1.jpg","type":"image\/jpeg"}],"author":"Dje\u010dja televizija","twitter_card":"summary_large_image","twitter_misc":{"Written by":"Dje\u010dja televizija","Est. reading time":"2 minutes"},"schema":{"@context":"https:\/\/schema.org","@graph":[{"@type":"Article","@id":"https:\/\/djecja.tv\/?p=499#article","isPartOf":{"@id":"https:\/\/djecja.tv\/?p=499"},"author":{"name":"Dje\u010dja televizija","@id":"https:\/\/djecja.tv\/#\/schema\/person\/be623017e2604f134e860c1c2ca30758"},"headline":"Dje\u010dja tv u posjetu Zoolo\u0161kom vrtu u Zagrebu","datePublished":"2015-07-01T10:00:16+00:00","dateModified":"2015-07-17T12:08:08+00:00","mainEntityOfPage":{"@id":"https:\/\/djecja.tv\/?p=499"},"wordCount":387,"commentCount":0,"image":{"@id":"https:\/\/djecja.tv\/?p=499#primaryimage"},"thumbnailUrl":"https:\/\/djecja.tv\/wp-content\/uploads\/2013\/05\/zebre-zoo1.jpg","keywords":["novosti","ugostima"],"articleSection":["naslovna","Novosti"],"inLanguage":"en-US","potentialAction":[{"@type":"CommentAction","name":"Comment","target":["https:\/\/djecja.tv\/?p=499#respond"]}]},{"@type":"WebPage","@id":"https:\/\/djecja.tv\/?p=499","url":"https:\/\/djecja.tv\/?p=499","name":"Dje\u010dja tv u posjetu Zoolo\u0161kom vrtu u Zagrebu - Dje\u010dja televizija","isPartOf":{"@id":"https:\/\/djecja.tv\/#website"},"primaryImageOfPage":{"@id":"https:\/\/djecja.tv\/?p=499#primaryimage"},"image":{"@id":"https:\/\/djecja.tv\/?p=499#primaryimage"},"thumbnailUrl":"https:\/\/djecja.tv\/wp-content\/uploads\/2013\/05\/zebre-zoo1.jpg","datePublished":"2015-07-01T10:00:16+00:00","dateModified":"2015-07-17T12:08:08+00:00","author":{"@id":"https:\/\/djecja.tv\/#\/schema\/person\/be623017e2604f134e860c1c2ca30758"},"breadcrumb":{"@id":"https:\/\/djecja.tv\/?p=499#breadcrumb"},"inLanguage":"en-US","potentialAction":[{"@type":"ReadAction","target":["https:\/\/djecja.tv\/?p=499"]}]},{"@type":"ImageObject","inLanguage":"en-US","@id":"https:\/\/djecja.tv\/?p=499#primaryimage","url":"https:\/\/djecja.tv\/wp-content\/uploads\/2013\/05\/zebre-zoo1.jpg","contentUrl":"https:\/\/djecja.tv\/wp-content\/uploads\/2013\/05\/zebre-zoo1.jpg","width":665,"height":430},{"@type":"BreadcrumbList","@id":"https:\/\/djecja.tv\/?p=499#breadcrumb","itemListElement":[{"@type":"ListItem","position":1,"name":"Home","item":"https:\/\/djecja.tv\/"},{"@type":"ListItem","position":2,"name":"Dje\u010dja tv u posjetu Zoolo\u0161kom vrtu u Zagrebu"}]},{"@type":"WebSite","@id":"https:\/\/djecja.tv\/#website","url":"https:\/\/djecja.tv\/","name":"Dje\u010dja televizija","description":"","potentialAction":[{"@type":"SearchAction","target":{"@type":"EntryPoint","urlTemplate":"https:\/\/djecja.tv\/?s={search_term_string}"},"query-input":{"@type":"PropertyValueSpecification","valueRequired":true,"valueName":"search_term_string"}}],"inLanguage":"en-US"},{"@type":"Person","@id":"https:\/\/djecja.tv\/#\/schema\/person\/be623017e2604f134e860c1c2ca30758","name":"Dje\u010dja televizija","image":{"@type":"ImageObject","inLanguage":"en-US","@id":"https:\/\/secure.gravatar.com\/avatar\/dff39974bf5b8b263ac8487f1947a3512561df2b4250db77d51fd2edeab95769?s=96&d=mm&r=g","url":"https:\/\/secure.gravatar.com\/avatar\/dff39974bf5b8b263ac8487f1947a3512561df2b4250db77d51fd2edeab95769?s=96&d=mm&r=g","contentUrl":"https:\/\/secure.gravatar.com\/avatar\/dff39974bf5b8b263ac8487f1947a3512561df2b4250db77d51fd2edeab95769?s=96&d=mm&r=g","caption":"Dje\u010dja televizija"},"url":"https:\/\/djecja.tv\/?author=1"}]}},"publishpress_future_action":{"enabled":false,"date":"2026-05-03 13:26:25","action":"change-status","newStatus":"draft","terms":[],"taxonomy":"category","extraData":[]},"publishpress_future_workflow_manual_trigger":{"enabledWorkflows":[]},"_links":{"self":[{"href":"https:\/\/djecja.tv\/index.php?rest_route=\/wp\/v2\/posts\/499","targetHints":{"allow":["GET"]}}],"collection":[{"href":"https:\/\/djecja.tv\/index.php?rest_route=\/wp\/v2\/posts"}],"about":[{"href":"https:\/\/djecja.tv\/index.php?rest_route=\/wp\/v2\/types\/post"}],"author":[{"embeddable":true,"href":"https:\/\/djecja.tv\/index.php?rest_route=\/wp\/v2\/users\/1"}],"replies":[{"embeddable":true,"href":"https:\/\/djecja.tv\/index.php?rest_route=%2Fwp%2Fv2%2Fcomments&post=499"}],"version-history":[{"count":7,"href":"https:\/\/djecja.tv\/index.php?rest_route=\/wp\/v2\/posts\/499\/revisions"}],"predecessor-version":[{"id":6250,"href":"https:\/\/djecja.tv\/index.php?rest_route=\/wp\/v2\/posts\/499\/revisions\/6250"}],"wp:featuredmedia":[{"embeddable":true,"href":"https:\/\/djecja.tv\/index.php?rest_route=\/wp\/v2\/media\/6243"}],"wp:attachment":[{"href":"https:\/\/djecja.tv\/index.php?rest_route=%2Fwp%2Fv2%2Fmedia&parent=499"}],"wp:term":[{"taxonomy":"category","embeddable":true,"href":"https:\/\/djecja.tv\/index.php?rest_route=%2Fwp%2Fv2%2Fcategories&post=499"},{"taxonomy":"post_tag","embeddable":true,"href":"https:\/\/djecja.tv\/index.php?rest_route=%2Fwp%2Fv2%2Ftags&post=499"}],"curies":[{"name":"wp","href":"https:\/\/api.w.org\/{rel}","templated":true}]}}