{"id":15594,"date":"2019-05-30T16:33:12","date_gmt":"2019-05-30T14:33:12","guid":{"rendered":"http:\/\/djecja.tv\/?p=15594"},"modified":"2019-05-30T16:33:12","modified_gmt":"2019-05-30T14:33:12","slug":"uskoro-proglasenje-hita-ljeta-djecje-tv-2019","status":"publish","type":"post","link":"https:\/\/djecja.tv\/?p=15594","title":{"rendered":"USKORO PROGLA\u0160ENJE HITA LJETA DJE\u010cJE TV 2019."},"content":{"rendered":"[vc_row][vc_column][vc_column_text css=&#8221;.vc_custom_1559226702341{margin-bottom: 0px !important;}&#8221;]Podsje\u0107amo vas da \u0107emo 9. lipnja ove godine u emisiji Top liste Dje\u010dje Tv proglasiti pjesmu koja je dobila najvi\u0161e va\u0161ih glasova i ta pjesma \u0107e postati \u201e HIT LJETA DJE\u010cJE TV 2019.\u201c! <strong>Po\u017eurite glasati jer glasovi se zbrajaju u srijedu 5. lipnja u 11 sati!<\/strong><\/p>\n<p>Nakon \u0161to proglasimo \u201eHIT LJETA DJE\u010cJE TV 2019.\u201c glasanje se nastavlja i tijekom ljeta. U tom periodu stanje glasova ne\u0107emo objavljivati tjedno, a na Top listu ne\u0107e ulaziti nove pjesme. primljene glasove objaviti \u0107emo po\u010detkom nove programske sezone i tada nastavljamo sa \u201eTOP LISTOM DJE\u010cJE TV 2019.\u201c[\/vc_column_text][\/vc_column][\/vc_row]\n","protected":false},"excerpt":{"rendered":"<p>[vc_row][vc_column][vc_column_text css=&#8221;.vc_custom_1559226702341{margin-bottom: 0px !important;}&#8221;]Podsje\u0107amo vas da \u0107emo 9. lipnja ove godine u emisiji Top liste Dje\u010dje Tv proglasiti pjesmu koja je dobila najvi\u0161e va\u0161ih glasova i ta pjesma \u0107e postati \u201e HIT LJETA DJE\u010cJE TV 2019.\u201c! Po\u017eurite glasati jer glasovi se zbrajaju u srijedu 5. lipnja u 11 sati! Nakon \u0161to proglasimo \u201eHIT LJETA DJE\u010cJE [&hellip;]<\/p>\n","protected":false},"author":3,"featured_media":15595,"comment_status":"closed","ping_status":"closed","sticky":false,"template":"","format":"standard","meta":{"footnotes":""},"categories":[48],"tags":[],"class_list":["post-15594","post","type-post","status-publish","format-standard","has-post-thumbnail","hentry","category-novosti"],"yoast_head":"<!-- This site is optimized with the Yoast SEO plugin v27.4 - https:\/\/yoast.com\/product\/yoast-seo-wordpress\/ -->\n<title>USKORO PROGLA\u0160ENJE HITA LJETA DJE\u010cJE TV 2019. - Dje\u010dja televizija<\/title>\n<meta name=\"robots\" content=\"index, follow, max-snippet:-1, max-image-preview:large, max-video-preview:-1\" \/>\n<link rel=\"canonical\" href=\"https:\/\/djecja.tv\/?p=15594\" \/>\n<meta property=\"og:locale\" content=\"en_US\" \/>\n<meta property=\"og:type\" content=\"article\" \/>\n<meta property=\"og:title\" content=\"USKORO PROGLA\u0160ENJE HITA LJETA DJE\u010cJE TV 2019. - Dje\u010dja televizija\" \/>\n<meta property=\"og:description\" content=\"[vc_row][vc_column][vc_column_text css=&#8221;.vc_custom_1559226702341{margin-bottom: 0px !important;}&#8221;]Podsje\u0107amo vas da \u0107emo 9. lipnja ove godine u emisiji Top liste Dje\u010dje Tv proglasiti pjesmu koja je dobila najvi\u0161e va\u0161ih glasova i ta pjesma \u0107e postati \u201e HIT LJETA DJE\u010cJE TV 2019.\u201c! Po\u017eurite glasati jer glasovi se zbrajaju u srijedu 5. lipnja u 11 sati! Nakon \u0161to proglasimo \u201eHIT LJETA DJE\u010cJE [&hellip;]\" \/>\n<meta property=\"og:url\" content=\"https:\/\/djecja.tv\/?p=15594\" \/>\n<meta property=\"og:site_name\" content=\"Dje\u010dja televizija\" \/>\n<meta property=\"article:published_time\" content=\"2019-05-30T14:33:12+00:00\" \/>\n<meta property=\"og:image\" content=\"https:\/\/djecja.tv\/wp-content\/uploads\/2019\/05\/djecja-tv-hit-ljeta-2019.jpg\" \/>\n\t<meta property=\"og:image:width\" content=\"1180\" \/>\n\t<meta property=\"og:image:height\" content=\"664\" \/>\n\t<meta property=\"og:image:type\" content=\"image\/jpeg\" \/>\n<meta name=\"author\" content=\"Iva Sopta\" \/>\n<meta name=\"twitter:card\" content=\"summary_large_image\" \/>\n<meta name=\"twitter:label1\" content=\"Written by\" \/>\n\t<meta name=\"twitter:data1\" content=\"Iva Sopta\" \/>\n\t<meta name=\"twitter:label2\" content=\"Est. reading time\" \/>\n\t<meta name=\"twitter:data2\" content=\"1 minute\" \/>\n<script type=\"application\/ld+json\" class=\"yoast-schema-graph\">{\"@context\":\"https:\\\/\\\/schema.org\",\"@graph\":[{\"@type\":\"Article\",\"@id\":\"https:\\\/\\\/djecja.tv\\\/?p=15594#article\",\"isPartOf\":{\"@id\":\"https:\\\/\\\/djecja.tv\\\/?p=15594\"},\"author\":{\"name\":\"Iva Sopta\",\"@id\":\"https:\\\/\\\/djecja.tv\\\/#\\\/schema\\\/person\\\/69ea293b59e2dfe28da81bfa061e49a1\"},\"headline\":\"USKORO PROGLA\u0160ENJE HITA LJETA DJE\u010cJE TV 2019.\",\"datePublished\":\"2019-05-30T14:33:12+00:00\",\"mainEntityOfPage\":{\"@id\":\"https:\\\/\\\/djecja.tv\\\/?p=15594\"},\"wordCount\":125,\"image\":{\"@id\":\"https:\\\/\\\/djecja.tv\\\/?p=15594#primaryimage\"},\"thumbnailUrl\":\"https:\\\/\\\/djecja.tv\\\/wp-content\\\/uploads\\\/2019\\\/05\\\/djecja-tv-hit-ljeta-2019.jpg\",\"articleSection\":[\"Novosti\"],\"inLanguage\":\"en-US\"},{\"@type\":\"WebPage\",\"@id\":\"https:\\\/\\\/djecja.tv\\\/?p=15594\",\"url\":\"https:\\\/\\\/djecja.tv\\\/?p=15594\",\"name\":\"USKORO PROGLA\u0160ENJE HITA LJETA DJE\u010cJE TV 2019. - Dje\u010dja televizija\",\"isPartOf\":{\"@id\":\"https:\\\/\\\/djecja.tv\\\/#website\"},\"primaryImageOfPage\":{\"@id\":\"https:\\\/\\\/djecja.tv\\\/?p=15594#primaryimage\"},\"image\":{\"@id\":\"https:\\\/\\\/djecja.tv\\\/?p=15594#primaryimage\"},\"thumbnailUrl\":\"https:\\\/\\\/djecja.tv\\\/wp-content\\\/uploads\\\/2019\\\/05\\\/djecja-tv-hit-ljeta-2019.jpg\",\"datePublished\":\"2019-05-30T14:33:12+00:00\",\"author\":{\"@id\":\"https:\\\/\\\/djecja.tv\\\/#\\\/schema\\\/person\\\/69ea293b59e2dfe28da81bfa061e49a1\"},\"breadcrumb\":{\"@id\":\"https:\\\/\\\/djecja.tv\\\/?p=15594#breadcrumb\"},\"inLanguage\":\"en-US\",\"potentialAction\":[{\"@type\":\"ReadAction\",\"target\":[\"https:\\\/\\\/djecja.tv\\\/?p=15594\"]}]},{\"@type\":\"ImageObject\",\"inLanguage\":\"en-US\",\"@id\":\"https:\\\/\\\/djecja.tv\\\/?p=15594#primaryimage\",\"url\":\"https:\\\/\\\/djecja.tv\\\/wp-content\\\/uploads\\\/2019\\\/05\\\/djecja-tv-hit-ljeta-2019.jpg\",\"contentUrl\":\"https:\\\/\\\/djecja.tv\\\/wp-content\\\/uploads\\\/2019\\\/05\\\/djecja-tv-hit-ljeta-2019.jpg\",\"width\":1180,\"height\":664},{\"@type\":\"BreadcrumbList\",\"@id\":\"https:\\\/\\\/djecja.tv\\\/?p=15594#breadcrumb\",\"itemListElement\":[{\"@type\":\"ListItem\",\"position\":1,\"name\":\"Home\",\"item\":\"https:\\\/\\\/djecja.tv\\\/\"},{\"@type\":\"ListItem\",\"position\":2,\"name\":\"USKORO PROGLA\u0160ENJE HITA LJETA DJE\u010cJE TV 2019.\"}]},{\"@type\":\"WebSite\",\"@id\":\"https:\\\/\\\/djecja.tv\\\/#website\",\"url\":\"https:\\\/\\\/djecja.tv\\\/\",\"name\":\"Dje\u010dja televizija\",\"description\":\"\",\"potentialAction\":[{\"@type\":\"SearchAction\",\"target\":{\"@type\":\"EntryPoint\",\"urlTemplate\":\"https:\\\/\\\/djecja.tv\\\/?s={search_term_string}\"},\"query-input\":{\"@type\":\"PropertyValueSpecification\",\"valueRequired\":true,\"valueName\":\"search_term_string\"}}],\"inLanguage\":\"en-US\"},{\"@type\":\"Person\",\"@id\":\"https:\\\/\\\/djecja.tv\\\/#\\\/schema\\\/person\\\/69ea293b59e2dfe28da81bfa061e49a1\",\"name\":\"Iva Sopta\",\"image\":{\"@type\":\"ImageObject\",\"inLanguage\":\"en-US\",\"@id\":\"https:\\\/\\\/secure.gravatar.com\\\/avatar\\\/c1bf77894ffdb2a260a7181d6970610b32842fcd2f73b5908f4755be70d270ad?s=96&d=mm&r=g\",\"url\":\"https:\\\/\\\/secure.gravatar.com\\\/avatar\\\/c1bf77894ffdb2a260a7181d6970610b32842fcd2f73b5908f4755be70d270ad?s=96&d=mm&r=g\",\"contentUrl\":\"https:\\\/\\\/secure.gravatar.com\\\/avatar\\\/c1bf77894ffdb2a260a7181d6970610b32842fcd2f73b5908f4755be70d270ad?s=96&d=mm&r=g\",\"caption\":\"Iva Sopta\"},\"url\":\"https:\\\/\\\/djecja.tv\\\/?author=3\"}]}<\/script>\n<!-- \/ Yoast SEO plugin. -->","yoast_head_json":{"title":"USKORO PROGLA\u0160ENJE HITA LJETA DJE\u010cJE TV 2019. - Dje\u010dja televizija","robots":{"index":"index","follow":"follow","max-snippet":"max-snippet:-1","max-image-preview":"max-image-preview:large","max-video-preview":"max-video-preview:-1"},"canonical":"https:\/\/djecja.tv\/?p=15594","og_locale":"en_US","og_type":"article","og_title":"USKORO PROGLA\u0160ENJE HITA LJETA DJE\u010cJE TV 2019. - Dje\u010dja televizija","og_description":"[vc_row][vc_column][vc_column_text css=&#8221;.vc_custom_1559226702341{margin-bottom: 0px !important;}&#8221;]Podsje\u0107amo vas da \u0107emo 9. lipnja ove godine u emisiji Top liste Dje\u010dje Tv proglasiti pjesmu koja je dobila najvi\u0161e va\u0161ih glasova i ta pjesma \u0107e postati \u201e HIT LJETA DJE\u010cJE TV 2019.\u201c! Po\u017eurite glasati jer glasovi se zbrajaju u srijedu 5. lipnja u 11 sati! Nakon \u0161to proglasimo \u201eHIT LJETA DJE\u010cJE [&hellip;]","og_url":"https:\/\/djecja.tv\/?p=15594","og_site_name":"Dje\u010dja televizija","article_published_time":"2019-05-30T14:33:12+00:00","og_image":[{"width":1180,"height":664,"url":"https:\/\/djecja.tv\/wp-content\/uploads\/2019\/05\/djecja-tv-hit-ljeta-2019.jpg","type":"image\/jpeg"}],"author":"Iva Sopta","twitter_card":"summary_large_image","twitter_misc":{"Written by":"Iva Sopta","Est. reading time":"1 minute"},"schema":{"@context":"https:\/\/schema.org","@graph":[{"@type":"Article","@id":"https:\/\/djecja.tv\/?p=15594#article","isPartOf":{"@id":"https:\/\/djecja.tv\/?p=15594"},"author":{"name":"Iva Sopta","@id":"https:\/\/djecja.tv\/#\/schema\/person\/69ea293b59e2dfe28da81bfa061e49a1"},"headline":"USKORO PROGLA\u0160ENJE HITA LJETA DJE\u010cJE TV 2019.","datePublished":"2019-05-30T14:33:12+00:00","mainEntityOfPage":{"@id":"https:\/\/djecja.tv\/?p=15594"},"wordCount":125,"image":{"@id":"https:\/\/djecja.tv\/?p=15594#primaryimage"},"thumbnailUrl":"https:\/\/djecja.tv\/wp-content\/uploads\/2019\/05\/djecja-tv-hit-ljeta-2019.jpg","articleSection":["Novosti"],"inLanguage":"en-US"},{"@type":"WebPage","@id":"https:\/\/djecja.tv\/?p=15594","url":"https:\/\/djecja.tv\/?p=15594","name":"USKORO PROGLA\u0160ENJE HITA LJETA DJE\u010cJE TV 2019. - Dje\u010dja televizija","isPartOf":{"@id":"https:\/\/djecja.tv\/#website"},"primaryImageOfPage":{"@id":"https:\/\/djecja.tv\/?p=15594#primaryimage"},"image":{"@id":"https:\/\/djecja.tv\/?p=15594#primaryimage"},"thumbnailUrl":"https:\/\/djecja.tv\/wp-content\/uploads\/2019\/05\/djecja-tv-hit-ljeta-2019.jpg","datePublished":"2019-05-30T14:33:12+00:00","author":{"@id":"https:\/\/djecja.tv\/#\/schema\/person\/69ea293b59e2dfe28da81bfa061e49a1"},"breadcrumb":{"@id":"https:\/\/djecja.tv\/?p=15594#breadcrumb"},"inLanguage":"en-US","potentialAction":[{"@type":"ReadAction","target":["https:\/\/djecja.tv\/?p=15594"]}]},{"@type":"ImageObject","inLanguage":"en-US","@id":"https:\/\/djecja.tv\/?p=15594#primaryimage","url":"https:\/\/djecja.tv\/wp-content\/uploads\/2019\/05\/djecja-tv-hit-ljeta-2019.jpg","contentUrl":"https:\/\/djecja.tv\/wp-content\/uploads\/2019\/05\/djecja-tv-hit-ljeta-2019.jpg","width":1180,"height":664},{"@type":"BreadcrumbList","@id":"https:\/\/djecja.tv\/?p=15594#breadcrumb","itemListElement":[{"@type":"ListItem","position":1,"name":"Home","item":"https:\/\/djecja.tv\/"},{"@type":"ListItem","position":2,"name":"USKORO PROGLA\u0160ENJE HITA LJETA DJE\u010cJE TV 2019."}]},{"@type":"WebSite","@id":"https:\/\/djecja.tv\/#website","url":"https:\/\/djecja.tv\/","name":"Dje\u010dja televizija","description":"","potentialAction":[{"@type":"SearchAction","target":{"@type":"EntryPoint","urlTemplate":"https:\/\/djecja.tv\/?s={search_term_string}"},"query-input":{"@type":"PropertyValueSpecification","valueRequired":true,"valueName":"search_term_string"}}],"inLanguage":"en-US"},{"@type":"Person","@id":"https:\/\/djecja.tv\/#\/schema\/person\/69ea293b59e2dfe28da81bfa061e49a1","name":"Iva Sopta","image":{"@type":"ImageObject","inLanguage":"en-US","@id":"https:\/\/secure.gravatar.com\/avatar\/c1bf77894ffdb2a260a7181d6970610b32842fcd2f73b5908f4755be70d270ad?s=96&d=mm&r=g","url":"https:\/\/secure.gravatar.com\/avatar\/c1bf77894ffdb2a260a7181d6970610b32842fcd2f73b5908f4755be70d270ad?s=96&d=mm&r=g","contentUrl":"https:\/\/secure.gravatar.com\/avatar\/c1bf77894ffdb2a260a7181d6970610b32842fcd2f73b5908f4755be70d270ad?s=96&d=mm&r=g","caption":"Iva Sopta"},"url":"https:\/\/djecja.tv\/?author=3"}]}},"publishpress_future_action":{"enabled":false,"date":"2026-05-06 15:48:56","action":"change-status","newStatus":"draft","terms":[],"taxonomy":"category","extraData":[]},"publishpress_future_workflow_manual_trigger":{"enabledWorkflows":[]},"_links":{"self":[{"href":"https:\/\/djecja.tv\/index.php?rest_route=\/wp\/v2\/posts\/15594","targetHints":{"allow":["GET"]}}],"collection":[{"href":"https:\/\/djecja.tv\/index.php?rest_route=\/wp\/v2\/posts"}],"about":[{"href":"https:\/\/djecja.tv\/index.php?rest_route=\/wp\/v2\/types\/post"}],"author":[{"embeddable":true,"href":"https:\/\/djecja.tv\/index.php?rest_route=\/wp\/v2\/users\/3"}],"replies":[{"embeddable":true,"href":"https:\/\/djecja.tv\/index.php?rest_route=%2Fwp%2Fv2%2Fcomments&post=15594"}],"version-history":[{"count":1,"href":"https:\/\/djecja.tv\/index.php?rest_route=\/wp\/v2\/posts\/15594\/revisions"}],"predecessor-version":[{"id":15596,"href":"https:\/\/djecja.tv\/index.php?rest_route=\/wp\/v2\/posts\/15594\/revisions\/15596"}],"wp:featuredmedia":[{"embeddable":true,"href":"https:\/\/djecja.tv\/index.php?rest_route=\/wp\/v2\/media\/15595"}],"wp:attachment":[{"href":"https:\/\/djecja.tv\/index.php?rest_route=%2Fwp%2Fv2%2Fmedia&parent=15594"}],"wp:term":[{"taxonomy":"category","embeddable":true,"href":"https:\/\/djecja.tv\/index.php?rest_route=%2Fwp%2Fv2%2Fcategories&post=15594"},{"taxonomy":"post_tag","embeddable":true,"href":"https:\/\/djecja.tv\/index.php?rest_route=%2Fwp%2Fv2%2Ftags&post=15594"}],"curies":[{"name":"wp","href":"https:\/\/api.w.org\/{rel}","templated":true}]}}