{"id":15331,"date":"2019-03-22T12:09:38","date_gmt":"2019-03-22T11:09:38","guid":{"rendered":"http:\/\/djecja.tv\/?p=15331"},"modified":"2019-03-22T12:16:46","modified_gmt":"2019-03-22T11:16:46","slug":"festival-djeca-pjevaju-graberje-29-03-2019","status":"publish","type":"post","link":"https:\/\/djecja.tv\/?p=15331","title":{"rendered":"FESTIVAL &#8220;DJECA PJEVAJU&#8221; &#8211; GRABERJE &#8211; 29.03.2019."},"content":{"rendered":"[vc_row][vc_column][mk_image src=&#8221;http:\/\/djecja.tv\/wp-content\/uploads\/2019\/03\/aaaa-djeca-pjevaju-e1553253152279.jpg&#8221; image_size=&#8221;full&#8221; align=&#8221;center&#8221;][mk_divider style=&#8221;padding_space&#8221;][vc_column_text css=&#8221;.vc_custom_1553253401777{margin-bottom: 0px !important;}&#8221;]U petak 29.03.2019. s po\u010detkom u 18.00 sati odr\u017eat \u0107e se 7. festival &#8220;Djeca pjevaju&#8221;. Festival se odr\u017eava u dvorani u Graberju, a predstavit \u0107e se 26 novih autorskih pjesama u izvo\u0111enju malih pjeva\u010da iz Hrvatske i Slovenije. Pjeva\u010de prati zbor &#8220;Mali slavuji&#8221; DND-a Vara\u017edin &#8211; koje ste imali priliku upoznati u programu Dje\u010dje televizije i koji su osvojili titulu Zlatni hit Top liste Dje\u010dje televizije 2018. &#8211; te zbor O\u0160 \u0160emovec. Festival je natjecateljskog karaktera i stru\u010dni \u017eiri \u0107e izabrati najbolje male pjeva\u010de. Djeco, roditelji, djedovi, bake i navija\u010di do\u0111ite na 7. festival &#8220;Djeca pjevaju&#8221;! Ulaz je besplatan.[\/vc_column_text][mk_divider style=&#8221;padding_space&#8221;][vc_column_text css=&#8221;.vc_custom_1553253385464{margin-bottom: 0px !important;}&#8221;]<iframe loading=\"lazy\" src=\"https:\/\/www.youtube.com\/embed\/PjufZ9CQ71Q\" width=\"560\" height=\"315\" frameborder=\"0\" allowfullscreen=\"allowfullscreen\"><\/iframe>[\/vc_column_text][\/vc_column][\/vc_row]\n","protected":false},"excerpt":{"rendered":"<p>[vc_row][vc_column][mk_image src=&#8221;http:\/\/djecja.tv\/wp-content\/uploads\/2019\/03\/aaaa-djeca-pjevaju-e1553253152279.jpg&#8221; image_size=&#8221;full&#8221; align=&#8221;center&#8221;][mk_divider style=&#8221;padding_space&#8221;][vc_column_text css=&#8221;.vc_custom_1553253401777{margin-bottom: 0px !important;}&#8221;]U petak 29.03.2019. s po\u010detkom u 18.00 sati odr\u017eat \u0107e se 7. festival &#8220;Djeca pjevaju&#8221;. Festival se odr\u017eava u dvorani u Graberju, a predstavit \u0107e se 26 novih autorskih pjesama u izvo\u0111enju malih pjeva\u010da iz Hrvatske i Slovenije. Pjeva\u010de prati zbor &#8220;Mali slavuji&#8221; DND-a Vara\u017edin &#8211; koje ste [&hellip;]<\/p>\n","protected":false},"author":3,"featured_media":15332,"comment_status":"closed","ping_status":"closed","sticky":false,"template":"","format":"standard","meta":{"footnotes":""},"categories":[48],"tags":[],"class_list":["post-15331","post","type-post","status-publish","format-standard","has-post-thumbnail","hentry","category-novosti"],"yoast_head":"<!-- This site is optimized with the Yoast SEO plugin v27.4 - https:\/\/yoast.com\/product\/yoast-seo-wordpress\/ -->\n<title>FESTIVAL &quot;DJECA PJEVAJU&quot; - GRABERJE - 29.03.2019. - Dje\u010dja televizija<\/title>\n<meta name=\"robots\" content=\"index, follow, max-snippet:-1, max-image-preview:large, max-video-preview:-1\" \/>\n<link rel=\"canonical\" href=\"https:\/\/djecja.tv\/?p=15331\" \/>\n<meta property=\"og:locale\" content=\"en_US\" \/>\n<meta property=\"og:type\" content=\"article\" \/>\n<meta property=\"og:title\" content=\"FESTIVAL &quot;DJECA PJEVAJU&quot; - GRABERJE - 29.03.2019. - Dje\u010dja televizija\" \/>\n<meta property=\"og:description\" content=\"[vc_row][vc_column][mk_image src=&#8221;http:\/\/djecja.tv\/wp-content\/uploads\/2019\/03\/aaaa-djeca-pjevaju-e1553253152279.jpg&#8221; image_size=&#8221;full&#8221; align=&#8221;center&#8221;][mk_divider style=&#8221;padding_space&#8221;][vc_column_text css=&#8221;.vc_custom_1553253401777{margin-bottom: 0px !important;}&#8221;]U petak 29.03.2019. s po\u010detkom u 18.00 sati odr\u017eat \u0107e se 7. festival &#8220;Djeca pjevaju&#8221;. Festival se odr\u017eava u dvorani u Graberju, a predstavit \u0107e se 26 novih autorskih pjesama u izvo\u0111enju malih pjeva\u010da iz Hrvatske i Slovenije. Pjeva\u010de prati zbor &#8220;Mali slavuji&#8221; DND-a Vara\u017edin &#8211; koje ste [&hellip;]\" \/>\n<meta property=\"og:url\" content=\"https:\/\/djecja.tv\/?p=15331\" \/>\n<meta property=\"og:site_name\" content=\"Dje\u010dja televizija\" \/>\n<meta property=\"article:published_time\" content=\"2019-03-22T11:09:38+00:00\" \/>\n<meta property=\"article:modified_time\" content=\"2019-03-22T11:16:46+00:00\" \/>\n<meta property=\"og:image\" content=\"https:\/\/djecja.tv\/wp-content\/uploads\/2019\/03\/aaaa-djeca-pjevaju-e1553253152279.jpg\" \/>\n\t<meta property=\"og:image:width\" content=\"756\" \/>\n\t<meta property=\"og:image:height\" content=\"504\" \/>\n\t<meta property=\"og:image:type\" content=\"image\/jpeg\" \/>\n<meta name=\"author\" content=\"Iva Sopta\" \/>\n<meta name=\"twitter:card\" content=\"summary_large_image\" \/>\n<meta name=\"twitter:label1\" content=\"Written by\" \/>\n\t<meta name=\"twitter:data1\" content=\"Iva Sopta\" \/>\n\t<meta name=\"twitter:label2\" content=\"Est. reading time\" \/>\n\t<meta name=\"twitter:data2\" content=\"1 minute\" \/>\n<script type=\"application\/ld+json\" class=\"yoast-schema-graph\">{\"@context\":\"https:\\\/\\\/schema.org\",\"@graph\":[{\"@type\":\"Article\",\"@id\":\"https:\\\/\\\/djecja.tv\\\/?p=15331#article\",\"isPartOf\":{\"@id\":\"https:\\\/\\\/djecja.tv\\\/?p=15331\"},\"author\":{\"name\":\"Iva Sopta\",\"@id\":\"https:\\\/\\\/djecja.tv\\\/#\\\/schema\\\/person\\\/69ea293b59e2dfe28da81bfa061e49a1\"},\"headline\":\"FESTIVAL &#8220;DJECA PJEVAJU&#8221; &#8211; GRABERJE &#8211; 29.03.2019.\",\"datePublished\":\"2019-03-22T11:09:38+00:00\",\"dateModified\":\"2019-03-22T11:16:46+00:00\",\"mainEntityOfPage\":{\"@id\":\"https:\\\/\\\/djecja.tv\\\/?p=15331\"},\"wordCount\":169,\"image\":{\"@id\":\"https:\\\/\\\/djecja.tv\\\/?p=15331#primaryimage\"},\"thumbnailUrl\":\"https:\\\/\\\/djecja.tv\\\/wp-content\\\/uploads\\\/2019\\\/03\\\/aaaa-djeca-pjevaju-e1553253152279.jpg\",\"articleSection\":[\"Novosti\"],\"inLanguage\":\"en-US\"},{\"@type\":\"WebPage\",\"@id\":\"https:\\\/\\\/djecja.tv\\\/?p=15331\",\"url\":\"https:\\\/\\\/djecja.tv\\\/?p=15331\",\"name\":\"FESTIVAL \\\"DJECA PJEVAJU\\\" - GRABERJE - 29.03.2019. - Dje\u010dja televizija\",\"isPartOf\":{\"@id\":\"https:\\\/\\\/djecja.tv\\\/#website\"},\"primaryImageOfPage\":{\"@id\":\"https:\\\/\\\/djecja.tv\\\/?p=15331#primaryimage\"},\"image\":{\"@id\":\"https:\\\/\\\/djecja.tv\\\/?p=15331#primaryimage\"},\"thumbnailUrl\":\"https:\\\/\\\/djecja.tv\\\/wp-content\\\/uploads\\\/2019\\\/03\\\/aaaa-djeca-pjevaju-e1553253152279.jpg\",\"datePublished\":\"2019-03-22T11:09:38+00:00\",\"dateModified\":\"2019-03-22T11:16:46+00:00\",\"author\":{\"@id\":\"https:\\\/\\\/djecja.tv\\\/#\\\/schema\\\/person\\\/69ea293b59e2dfe28da81bfa061e49a1\"},\"breadcrumb\":{\"@id\":\"https:\\\/\\\/djecja.tv\\\/?p=15331#breadcrumb\"},\"inLanguage\":\"en-US\",\"potentialAction\":[{\"@type\":\"ReadAction\",\"target\":[\"https:\\\/\\\/djecja.tv\\\/?p=15331\"]}]},{\"@type\":\"ImageObject\",\"inLanguage\":\"en-US\",\"@id\":\"https:\\\/\\\/djecja.tv\\\/?p=15331#primaryimage\",\"url\":\"https:\\\/\\\/djecja.tv\\\/wp-content\\\/uploads\\\/2019\\\/03\\\/aaaa-djeca-pjevaju-e1553253152279.jpg\",\"contentUrl\":\"https:\\\/\\\/djecja.tv\\\/wp-content\\\/uploads\\\/2019\\\/03\\\/aaaa-djeca-pjevaju-e1553253152279.jpg\",\"width\":756,\"height\":504},{\"@type\":\"BreadcrumbList\",\"@id\":\"https:\\\/\\\/djecja.tv\\\/?p=15331#breadcrumb\",\"itemListElement\":[{\"@type\":\"ListItem\",\"position\":1,\"name\":\"Home\",\"item\":\"https:\\\/\\\/djecja.tv\\\/\"},{\"@type\":\"ListItem\",\"position\":2,\"name\":\"FESTIVAL &#8220;DJECA PJEVAJU&#8221; &#8211; GRABERJE &#8211; 29.03.2019.\"}]},{\"@type\":\"WebSite\",\"@id\":\"https:\\\/\\\/djecja.tv\\\/#website\",\"url\":\"https:\\\/\\\/djecja.tv\\\/\",\"name\":\"Dje\u010dja televizija\",\"description\":\"\",\"potentialAction\":[{\"@type\":\"SearchAction\",\"target\":{\"@type\":\"EntryPoint\",\"urlTemplate\":\"https:\\\/\\\/djecja.tv\\\/?s={search_term_string}\"},\"query-input\":{\"@type\":\"PropertyValueSpecification\",\"valueRequired\":true,\"valueName\":\"search_term_string\"}}],\"inLanguage\":\"en-US\"},{\"@type\":\"Person\",\"@id\":\"https:\\\/\\\/djecja.tv\\\/#\\\/schema\\\/person\\\/69ea293b59e2dfe28da81bfa061e49a1\",\"name\":\"Iva Sopta\",\"image\":{\"@type\":\"ImageObject\",\"inLanguage\":\"en-US\",\"@id\":\"https:\\\/\\\/secure.gravatar.com\\\/avatar\\\/c1bf77894ffdb2a260a7181d6970610b32842fcd2f73b5908f4755be70d270ad?s=96&d=mm&r=g\",\"url\":\"https:\\\/\\\/secure.gravatar.com\\\/avatar\\\/c1bf77894ffdb2a260a7181d6970610b32842fcd2f73b5908f4755be70d270ad?s=96&d=mm&r=g\",\"contentUrl\":\"https:\\\/\\\/secure.gravatar.com\\\/avatar\\\/c1bf77894ffdb2a260a7181d6970610b32842fcd2f73b5908f4755be70d270ad?s=96&d=mm&r=g\",\"caption\":\"Iva Sopta\"},\"url\":\"https:\\\/\\\/djecja.tv\\\/?author=3\"}]}<\/script>\n<!-- \/ Yoast SEO plugin. -->","yoast_head_json":{"title":"FESTIVAL \"DJECA PJEVAJU\" - GRABERJE - 29.03.2019. - Dje\u010dja televizija","robots":{"index":"index","follow":"follow","max-snippet":"max-snippet:-1","max-image-preview":"max-image-preview:large","max-video-preview":"max-video-preview:-1"},"canonical":"https:\/\/djecja.tv\/?p=15331","og_locale":"en_US","og_type":"article","og_title":"FESTIVAL \"DJECA PJEVAJU\" - GRABERJE - 29.03.2019. - Dje\u010dja televizija","og_description":"[vc_row][vc_column][mk_image src=&#8221;http:\/\/djecja.tv\/wp-content\/uploads\/2019\/03\/aaaa-djeca-pjevaju-e1553253152279.jpg&#8221; image_size=&#8221;full&#8221; align=&#8221;center&#8221;][mk_divider style=&#8221;padding_space&#8221;][vc_column_text css=&#8221;.vc_custom_1553253401777{margin-bottom: 0px !important;}&#8221;]U petak 29.03.2019. s po\u010detkom u 18.00 sati odr\u017eat \u0107e se 7. festival &#8220;Djeca pjevaju&#8221;. Festival se odr\u017eava u dvorani u Graberju, a predstavit \u0107e se 26 novih autorskih pjesama u izvo\u0111enju malih pjeva\u010da iz Hrvatske i Slovenije. Pjeva\u010de prati zbor &#8220;Mali slavuji&#8221; DND-a Vara\u017edin &#8211; koje ste [&hellip;]","og_url":"https:\/\/djecja.tv\/?p=15331","og_site_name":"Dje\u010dja televizija","article_published_time":"2019-03-22T11:09:38+00:00","article_modified_time":"2019-03-22T11:16:46+00:00","og_image":[{"width":756,"height":504,"url":"https:\/\/djecja.tv\/wp-content\/uploads\/2019\/03\/aaaa-djeca-pjevaju-e1553253152279.jpg","type":"image\/jpeg"}],"author":"Iva Sopta","twitter_card":"summary_large_image","twitter_misc":{"Written by":"Iva Sopta","Est. reading time":"1 minute"},"schema":{"@context":"https:\/\/schema.org","@graph":[{"@type":"Article","@id":"https:\/\/djecja.tv\/?p=15331#article","isPartOf":{"@id":"https:\/\/djecja.tv\/?p=15331"},"author":{"name":"Iva Sopta","@id":"https:\/\/djecja.tv\/#\/schema\/person\/69ea293b59e2dfe28da81bfa061e49a1"},"headline":"FESTIVAL &#8220;DJECA PJEVAJU&#8221; &#8211; GRABERJE &#8211; 29.03.2019.","datePublished":"2019-03-22T11:09:38+00:00","dateModified":"2019-03-22T11:16:46+00:00","mainEntityOfPage":{"@id":"https:\/\/djecja.tv\/?p=15331"},"wordCount":169,"image":{"@id":"https:\/\/djecja.tv\/?p=15331#primaryimage"},"thumbnailUrl":"https:\/\/djecja.tv\/wp-content\/uploads\/2019\/03\/aaaa-djeca-pjevaju-e1553253152279.jpg","articleSection":["Novosti"],"inLanguage":"en-US"},{"@type":"WebPage","@id":"https:\/\/djecja.tv\/?p=15331","url":"https:\/\/djecja.tv\/?p=15331","name":"FESTIVAL \"DJECA PJEVAJU\" - GRABERJE - 29.03.2019. - Dje\u010dja televizija","isPartOf":{"@id":"https:\/\/djecja.tv\/#website"},"primaryImageOfPage":{"@id":"https:\/\/djecja.tv\/?p=15331#primaryimage"},"image":{"@id":"https:\/\/djecja.tv\/?p=15331#primaryimage"},"thumbnailUrl":"https:\/\/djecja.tv\/wp-content\/uploads\/2019\/03\/aaaa-djeca-pjevaju-e1553253152279.jpg","datePublished":"2019-03-22T11:09:38+00:00","dateModified":"2019-03-22T11:16:46+00:00","author":{"@id":"https:\/\/djecja.tv\/#\/schema\/person\/69ea293b59e2dfe28da81bfa061e49a1"},"breadcrumb":{"@id":"https:\/\/djecja.tv\/?p=15331#breadcrumb"},"inLanguage":"en-US","potentialAction":[{"@type":"ReadAction","target":["https:\/\/djecja.tv\/?p=15331"]}]},{"@type":"ImageObject","inLanguage":"en-US","@id":"https:\/\/djecja.tv\/?p=15331#primaryimage","url":"https:\/\/djecja.tv\/wp-content\/uploads\/2019\/03\/aaaa-djeca-pjevaju-e1553253152279.jpg","contentUrl":"https:\/\/djecja.tv\/wp-content\/uploads\/2019\/03\/aaaa-djeca-pjevaju-e1553253152279.jpg","width":756,"height":504},{"@type":"BreadcrumbList","@id":"https:\/\/djecja.tv\/?p=15331#breadcrumb","itemListElement":[{"@type":"ListItem","position":1,"name":"Home","item":"https:\/\/djecja.tv\/"},{"@type":"ListItem","position":2,"name":"FESTIVAL &#8220;DJECA PJEVAJU&#8221; &#8211; GRABERJE &#8211; 29.03.2019."}]},{"@type":"WebSite","@id":"https:\/\/djecja.tv\/#website","url":"https:\/\/djecja.tv\/","name":"Dje\u010dja televizija","description":"","potentialAction":[{"@type":"SearchAction","target":{"@type":"EntryPoint","urlTemplate":"https:\/\/djecja.tv\/?s={search_term_string}"},"query-input":{"@type":"PropertyValueSpecification","valueRequired":true,"valueName":"search_term_string"}}],"inLanguage":"en-US"},{"@type":"Person","@id":"https:\/\/djecja.tv\/#\/schema\/person\/69ea293b59e2dfe28da81bfa061e49a1","name":"Iva Sopta","image":{"@type":"ImageObject","inLanguage":"en-US","@id":"https:\/\/secure.gravatar.com\/avatar\/c1bf77894ffdb2a260a7181d6970610b32842fcd2f73b5908f4755be70d270ad?s=96&d=mm&r=g","url":"https:\/\/secure.gravatar.com\/avatar\/c1bf77894ffdb2a260a7181d6970610b32842fcd2f73b5908f4755be70d270ad?s=96&d=mm&r=g","contentUrl":"https:\/\/secure.gravatar.com\/avatar\/c1bf77894ffdb2a260a7181d6970610b32842fcd2f73b5908f4755be70d270ad?s=96&d=mm&r=g","caption":"Iva Sopta"},"url":"https:\/\/djecja.tv\/?author=3"}]}},"publishpress_future_action":{"enabled":false,"date":"2026-05-06 12:56:12","action":"change-status","newStatus":"draft","terms":[],"taxonomy":"category","extraData":[]},"publishpress_future_workflow_manual_trigger":{"enabledWorkflows":[]},"_links":{"self":[{"href":"https:\/\/djecja.tv\/index.php?rest_route=\/wp\/v2\/posts\/15331","targetHints":{"allow":["GET"]}}],"collection":[{"href":"https:\/\/djecja.tv\/index.php?rest_route=\/wp\/v2\/posts"}],"about":[{"href":"https:\/\/djecja.tv\/index.php?rest_route=\/wp\/v2\/types\/post"}],"author":[{"embeddable":true,"href":"https:\/\/djecja.tv\/index.php?rest_route=\/wp\/v2\/users\/3"}],"replies":[{"embeddable":true,"href":"https:\/\/djecja.tv\/index.php?rest_route=%2Fwp%2Fv2%2Fcomments&post=15331"}],"version-history":[{"count":5,"href":"https:\/\/djecja.tv\/index.php?rest_route=\/wp\/v2\/posts\/15331\/revisions"}],"predecessor-version":[{"id":15337,"href":"https:\/\/djecja.tv\/index.php?rest_route=\/wp\/v2\/posts\/15331\/revisions\/15337"}],"wp:featuredmedia":[{"embeddable":true,"href":"https:\/\/djecja.tv\/index.php?rest_route=\/wp\/v2\/media\/15332"}],"wp:attachment":[{"href":"https:\/\/djecja.tv\/index.php?rest_route=%2Fwp%2Fv2%2Fmedia&parent=15331"}],"wp:term":[{"taxonomy":"category","embeddable":true,"href":"https:\/\/djecja.tv\/index.php?rest_route=%2Fwp%2Fv2%2Fcategories&post=15331"},{"taxonomy":"post_tag","embeddable":true,"href":"https:\/\/djecja.tv\/index.php?rest_route=%2Fwp%2Fv2%2Ftags&post=15331"}],"curies":[{"name":"wp","href":"https:\/\/api.w.org\/{rel}","templated":true}]}}