{"id":12083,"date":"2017-10-09T13:04:44","date_gmt":"2017-10-09T11:04:44","guid":{"rendered":"http:\/\/djecja.tv\/?p=12083"},"modified":"2017-10-09T13:11:06","modified_gmt":"2017-10-09T11:11:06","slug":"djecji-dan-u-lipiku-14-10-2017","status":"publish","type":"post","link":"https:\/\/djecja.tv\/?p=12083","title":{"rendered":"&#8220;Dje\u010dji dan u Lipiku&#8221;  14.10.2017."},"content":{"rendered":"[vc_row][vc_column][mk_image src=&#8221;http:\/\/djecja.tv\/wp-content\/uploads\/2017\/10\/djecji-dan-u-lipiku-1.jpg&#8221; image_size=&#8221;full&#8221;][mk_custom_box corner_radius=&#8221;8&#8243; padding_vertical=&#8221;20&#8243; margin_bottom=&#8221;5&#8243; bg_color=&#8221;#f97352&#8243;][mk_fancy_title color=&#8221;#ffffff&#8221; size=&#8221;24&#8243; font_weight=&#8221;bold&#8221; margin_top=&#8221;10&#8243; margin_bottom=&#8221;10&#8243; font_family=&#8221;none&#8221; align=&#8221;center&#8221;]Posjetite &#8220;Dje\u010dji dan u Lipiku&#8221; 14.10.2017.\u00a0 u prostorima Ergele Lipik od 10 do 16.00 sati.[\/mk_fancy_title][\/mk_custom_box][mk_divider style=&#8221;padding_space&#8221;][vc_column_text css=&#8221;.vc_custom_1507547172252{margin-bottom: 0px !important;}&#8221;]Posjetite &#8220;Dje\u010dji dan u Lipiku&#8221;\u00a0 14.10.2017. u prostorima Ergele Lipik od 10 do 16.00 sati. O\u010dekuje vas promocija slikovnice &#8220;Medvjedi\u0107i i \u017edrijebe iz Lipika&#8221;, promocija dru\u0161tvene igre &#8220;Velika utrka lipicanaca&#8221; i mnogo drugih zanimljivosti. Pridru\u017eite nam se i zabavite se zajedno s nama![\/vc_column_text][\/vc_column][\/vc_row]\n","protected":false},"excerpt":{"rendered":"<p>Posjetite &#8220;Dje\u010dji dan u Lipiku&#8221;\u00a0 14.10.2017. u prostorima Ergele Lipik od 10 do 16.00 sati.<\/p>\n","protected":false},"author":1,"featured_media":12085,"comment_status":"open","ping_status":"open","sticky":false,"template":"","format":"standard","meta":{"footnotes":""},"categories":[97,48],"tags":[],"class_list":["post-12083","post","type-post","status-publish","format-standard","has-post-thumbnail","hentry","category-hitljeta2017","category-novosti"],"yoast_head":"<!-- This site is optimized with the Yoast SEO plugin v27.4 - https:\/\/yoast.com\/product\/yoast-seo-wordpress\/ -->\n<title>&quot;Dje\u010dji dan u Lipiku&quot; 14.10.2017. - Dje\u010dja televizija<\/title>\n<meta name=\"robots\" content=\"index, follow, max-snippet:-1, max-image-preview:large, max-video-preview:-1\" \/>\n<link rel=\"canonical\" href=\"https:\/\/djecja.tv\/?p=12083\" \/>\n<meta property=\"og:locale\" content=\"en_US\" \/>\n<meta property=\"og:type\" content=\"article\" \/>\n<meta property=\"og:title\" content=\"&quot;Dje\u010dji dan u Lipiku&quot; 14.10.2017. - Dje\u010dja televizija\" \/>\n<meta property=\"og:description\" content=\"Posjetite &quot;Dje\u010dji dan u Lipiku&quot;\u00a0 14.10.2017. u prostorima Ergele Lipik od 10 do 16.00 sati.\" \/>\n<meta property=\"og:url\" content=\"https:\/\/djecja.tv\/?p=12083\" \/>\n<meta property=\"og:site_name\" content=\"Dje\u010dja televizija\" \/>\n<meta property=\"article:published_time\" content=\"2017-10-09T11:04:44+00:00\" \/>\n<meta property=\"article:modified_time\" content=\"2017-10-09T11:11:06+00:00\" \/>\n<meta property=\"og:image\" content=\"https:\/\/djecja.tv\/wp-content\/uploads\/2017\/10\/djecji-dan-u-lipiku-1.jpg\" \/>\n\t<meta property=\"og:image:width\" content=\"1180\" \/>\n\t<meta property=\"og:image:height\" content=\"551\" \/>\n\t<meta property=\"og:image:type\" content=\"image\/jpeg\" \/>\n<meta name=\"author\" content=\"Dje\u010dja televizija\" \/>\n<meta name=\"twitter:card\" content=\"summary_large_image\" \/>\n<meta name=\"twitter:label1\" content=\"Written by\" \/>\n\t<meta name=\"twitter:data1\" content=\"Dje\u010dja televizija\" \/>\n\t<meta name=\"twitter:label2\" content=\"Est. reading time\" \/>\n\t<meta name=\"twitter:data2\" content=\"1 minute\" \/>\n<script type=\"application\/ld+json\" class=\"yoast-schema-graph\">{\"@context\":\"https:\\\/\\\/schema.org\",\"@graph\":[{\"@type\":\"Article\",\"@id\":\"https:\\\/\\\/djecja.tv\\\/?p=12083#article\",\"isPartOf\":{\"@id\":\"https:\\\/\\\/djecja.tv\\\/?p=12083\"},\"author\":{\"name\":\"Dje\u010dja televizija\",\"@id\":\"https:\\\/\\\/djecja.tv\\\/#\\\/schema\\\/person\\\/be623017e2604f134e860c1c2ca30758\"},\"headline\":\"&#8220;Dje\u010dji dan u Lipiku&#8221; 14.10.2017.\",\"datePublished\":\"2017-10-09T11:04:44+00:00\",\"dateModified\":\"2017-10-09T11:11:06+00:00\",\"mainEntityOfPage\":{\"@id\":\"https:\\\/\\\/djecja.tv\\\/?p=12083\"},\"wordCount\":137,\"commentCount\":0,\"image\":{\"@id\":\"https:\\\/\\\/djecja.tv\\\/?p=12083#primaryimage\"},\"thumbnailUrl\":\"https:\\\/\\\/djecja.tv\\\/wp-content\\\/uploads\\\/2017\\\/10\\\/djecji-dan-u-lipiku-1.jpg\",\"articleSection\":[\"hitljeta2017\",\"Novosti\"],\"inLanguage\":\"en-US\",\"potentialAction\":[{\"@type\":\"CommentAction\",\"name\":\"Comment\",\"target\":[\"https:\\\/\\\/djecja.tv\\\/?p=12083#respond\"]}]},{\"@type\":\"WebPage\",\"@id\":\"https:\\\/\\\/djecja.tv\\\/?p=12083\",\"url\":\"https:\\\/\\\/djecja.tv\\\/?p=12083\",\"name\":\"\\\"Dje\u010dji dan u Lipiku\\\" 14.10.2017. - Dje\u010dja televizija\",\"isPartOf\":{\"@id\":\"https:\\\/\\\/djecja.tv\\\/#website\"},\"primaryImageOfPage\":{\"@id\":\"https:\\\/\\\/djecja.tv\\\/?p=12083#primaryimage\"},\"image\":{\"@id\":\"https:\\\/\\\/djecja.tv\\\/?p=12083#primaryimage\"},\"thumbnailUrl\":\"https:\\\/\\\/djecja.tv\\\/wp-content\\\/uploads\\\/2017\\\/10\\\/djecji-dan-u-lipiku-1.jpg\",\"datePublished\":\"2017-10-09T11:04:44+00:00\",\"dateModified\":\"2017-10-09T11:11:06+00:00\",\"author\":{\"@id\":\"https:\\\/\\\/djecja.tv\\\/#\\\/schema\\\/person\\\/be623017e2604f134e860c1c2ca30758\"},\"breadcrumb\":{\"@id\":\"https:\\\/\\\/djecja.tv\\\/?p=12083#breadcrumb\"},\"inLanguage\":\"en-US\",\"potentialAction\":[{\"@type\":\"ReadAction\",\"target\":[\"https:\\\/\\\/djecja.tv\\\/?p=12083\"]}]},{\"@type\":\"ImageObject\",\"inLanguage\":\"en-US\",\"@id\":\"https:\\\/\\\/djecja.tv\\\/?p=12083#primaryimage\",\"url\":\"https:\\\/\\\/djecja.tv\\\/wp-content\\\/uploads\\\/2017\\\/10\\\/djecji-dan-u-lipiku-1.jpg\",\"contentUrl\":\"https:\\\/\\\/djecja.tv\\\/wp-content\\\/uploads\\\/2017\\\/10\\\/djecji-dan-u-lipiku-1.jpg\",\"width\":1180,\"height\":551},{\"@type\":\"BreadcrumbList\",\"@id\":\"https:\\\/\\\/djecja.tv\\\/?p=12083#breadcrumb\",\"itemListElement\":[{\"@type\":\"ListItem\",\"position\":1,\"name\":\"Home\",\"item\":\"https:\\\/\\\/djecja.tv\\\/\"},{\"@type\":\"ListItem\",\"position\":2,\"name\":\"&#8220;Dje\u010dji dan u Lipiku&#8221; 14.10.2017.\"}]},{\"@type\":\"WebSite\",\"@id\":\"https:\\\/\\\/djecja.tv\\\/#website\",\"url\":\"https:\\\/\\\/djecja.tv\\\/\",\"name\":\"Dje\u010dja televizija\",\"description\":\"\",\"potentialAction\":[{\"@type\":\"SearchAction\",\"target\":{\"@type\":\"EntryPoint\",\"urlTemplate\":\"https:\\\/\\\/djecja.tv\\\/?s={search_term_string}\"},\"query-input\":{\"@type\":\"PropertyValueSpecification\",\"valueRequired\":true,\"valueName\":\"search_term_string\"}}],\"inLanguage\":\"en-US\"},{\"@type\":\"Person\",\"@id\":\"https:\\\/\\\/djecja.tv\\\/#\\\/schema\\\/person\\\/be623017e2604f134e860c1c2ca30758\",\"name\":\"Dje\u010dja televizija\",\"image\":{\"@type\":\"ImageObject\",\"inLanguage\":\"en-US\",\"@id\":\"https:\\\/\\\/secure.gravatar.com\\\/avatar\\\/dff39974bf5b8b263ac8487f1947a3512561df2b4250db77d51fd2edeab95769?s=96&d=mm&r=g\",\"url\":\"https:\\\/\\\/secure.gravatar.com\\\/avatar\\\/dff39974bf5b8b263ac8487f1947a3512561df2b4250db77d51fd2edeab95769?s=96&d=mm&r=g\",\"contentUrl\":\"https:\\\/\\\/secure.gravatar.com\\\/avatar\\\/dff39974bf5b8b263ac8487f1947a3512561df2b4250db77d51fd2edeab95769?s=96&d=mm&r=g\",\"caption\":\"Dje\u010dja televizija\"},\"url\":\"https:\\\/\\\/djecja.tv\\\/?author=1\"}]}<\/script>\n<!-- \/ Yoast SEO plugin. -->","yoast_head_json":{"title":"\"Dje\u010dji dan u Lipiku\" 14.10.2017. - Dje\u010dja televizija","robots":{"index":"index","follow":"follow","max-snippet":"max-snippet:-1","max-image-preview":"max-image-preview:large","max-video-preview":"max-video-preview:-1"},"canonical":"https:\/\/djecja.tv\/?p=12083","og_locale":"en_US","og_type":"article","og_title":"\"Dje\u010dji dan u Lipiku\" 14.10.2017. - Dje\u010dja televizija","og_description":"Posjetite \"Dje\u010dji dan u Lipiku\"\u00a0 14.10.2017. u prostorima Ergele Lipik od 10 do 16.00 sati.","og_url":"https:\/\/djecja.tv\/?p=12083","og_site_name":"Dje\u010dja televizija","article_published_time":"2017-10-09T11:04:44+00:00","article_modified_time":"2017-10-09T11:11:06+00:00","og_image":[{"width":1180,"height":551,"url":"https:\/\/djecja.tv\/wp-content\/uploads\/2017\/10\/djecji-dan-u-lipiku-1.jpg","type":"image\/jpeg"}],"author":"Dje\u010dja televizija","twitter_card":"summary_large_image","twitter_misc":{"Written by":"Dje\u010dja televizija","Est. reading time":"1 minute"},"schema":{"@context":"https:\/\/schema.org","@graph":[{"@type":"Article","@id":"https:\/\/djecja.tv\/?p=12083#article","isPartOf":{"@id":"https:\/\/djecja.tv\/?p=12083"},"author":{"name":"Dje\u010dja televizija","@id":"https:\/\/djecja.tv\/#\/schema\/person\/be623017e2604f134e860c1c2ca30758"},"headline":"&#8220;Dje\u010dji dan u Lipiku&#8221; 14.10.2017.","datePublished":"2017-10-09T11:04:44+00:00","dateModified":"2017-10-09T11:11:06+00:00","mainEntityOfPage":{"@id":"https:\/\/djecja.tv\/?p=12083"},"wordCount":137,"commentCount":0,"image":{"@id":"https:\/\/djecja.tv\/?p=12083#primaryimage"},"thumbnailUrl":"https:\/\/djecja.tv\/wp-content\/uploads\/2017\/10\/djecji-dan-u-lipiku-1.jpg","articleSection":["hitljeta2017","Novosti"],"inLanguage":"en-US","potentialAction":[{"@type":"CommentAction","name":"Comment","target":["https:\/\/djecja.tv\/?p=12083#respond"]}]},{"@type":"WebPage","@id":"https:\/\/djecja.tv\/?p=12083","url":"https:\/\/djecja.tv\/?p=12083","name":"\"Dje\u010dji dan u Lipiku\" 14.10.2017. - Dje\u010dja televizija","isPartOf":{"@id":"https:\/\/djecja.tv\/#website"},"primaryImageOfPage":{"@id":"https:\/\/djecja.tv\/?p=12083#primaryimage"},"image":{"@id":"https:\/\/djecja.tv\/?p=12083#primaryimage"},"thumbnailUrl":"https:\/\/djecja.tv\/wp-content\/uploads\/2017\/10\/djecji-dan-u-lipiku-1.jpg","datePublished":"2017-10-09T11:04:44+00:00","dateModified":"2017-10-09T11:11:06+00:00","author":{"@id":"https:\/\/djecja.tv\/#\/schema\/person\/be623017e2604f134e860c1c2ca30758"},"breadcrumb":{"@id":"https:\/\/djecja.tv\/?p=12083#breadcrumb"},"inLanguage":"en-US","potentialAction":[{"@type":"ReadAction","target":["https:\/\/djecja.tv\/?p=12083"]}]},{"@type":"ImageObject","inLanguage":"en-US","@id":"https:\/\/djecja.tv\/?p=12083#primaryimage","url":"https:\/\/djecja.tv\/wp-content\/uploads\/2017\/10\/djecji-dan-u-lipiku-1.jpg","contentUrl":"https:\/\/djecja.tv\/wp-content\/uploads\/2017\/10\/djecji-dan-u-lipiku-1.jpg","width":1180,"height":551},{"@type":"BreadcrumbList","@id":"https:\/\/djecja.tv\/?p=12083#breadcrumb","itemListElement":[{"@type":"ListItem","position":1,"name":"Home","item":"https:\/\/djecja.tv\/"},{"@type":"ListItem","position":2,"name":"&#8220;Dje\u010dji dan u Lipiku&#8221; 14.10.2017."}]},{"@type":"WebSite","@id":"https:\/\/djecja.tv\/#website","url":"https:\/\/djecja.tv\/","name":"Dje\u010dja televizija","description":"","potentialAction":[{"@type":"SearchAction","target":{"@type":"EntryPoint","urlTemplate":"https:\/\/djecja.tv\/?s={search_term_string}"},"query-input":{"@type":"PropertyValueSpecification","valueRequired":true,"valueName":"search_term_string"}}],"inLanguage":"en-US"},{"@type":"Person","@id":"https:\/\/djecja.tv\/#\/schema\/person\/be623017e2604f134e860c1c2ca30758","name":"Dje\u010dja televizija","image":{"@type":"ImageObject","inLanguage":"en-US","@id":"https:\/\/secure.gravatar.com\/avatar\/dff39974bf5b8b263ac8487f1947a3512561df2b4250db77d51fd2edeab95769?s=96&d=mm&r=g","url":"https:\/\/secure.gravatar.com\/avatar\/dff39974bf5b8b263ac8487f1947a3512561df2b4250db77d51fd2edeab95769?s=96&d=mm&r=g","contentUrl":"https:\/\/secure.gravatar.com\/avatar\/dff39974bf5b8b263ac8487f1947a3512561df2b4250db77d51fd2edeab95769?s=96&d=mm&r=g","caption":"Dje\u010dja televizija"},"url":"https:\/\/djecja.tv\/?author=1"}]}},"publishpress_future_action":{"enabled":false,"date":"2026-05-05 21:32:58","action":"change-status","newStatus":"draft","terms":[],"taxonomy":"category","extraData":[]},"publishpress_future_workflow_manual_trigger":{"enabledWorkflows":[]},"_links":{"self":[{"href":"https:\/\/djecja.tv\/index.php?rest_route=\/wp\/v2\/posts\/12083","targetHints":{"allow":["GET"]}}],"collection":[{"href":"https:\/\/djecja.tv\/index.php?rest_route=\/wp\/v2\/posts"}],"about":[{"href":"https:\/\/djecja.tv\/index.php?rest_route=\/wp\/v2\/types\/post"}],"author":[{"embeddable":true,"href":"https:\/\/djecja.tv\/index.php?rest_route=\/wp\/v2\/users\/1"}],"replies":[{"embeddable":true,"href":"https:\/\/djecja.tv\/index.php?rest_route=%2Fwp%2Fv2%2Fcomments&post=12083"}],"version-history":[{"count":6,"href":"https:\/\/djecja.tv\/index.php?rest_route=\/wp\/v2\/posts\/12083\/revisions"}],"predecessor-version":[{"id":12091,"href":"https:\/\/djecja.tv\/index.php?rest_route=\/wp\/v2\/posts\/12083\/revisions\/12091"}],"wp:featuredmedia":[{"embeddable":true,"href":"https:\/\/djecja.tv\/index.php?rest_route=\/wp\/v2\/media\/12085"}],"wp:attachment":[{"href":"https:\/\/djecja.tv\/index.php?rest_route=%2Fwp%2Fv2%2Fmedia&parent=12083"}],"wp:term":[{"taxonomy":"category","embeddable":true,"href":"https:\/\/djecja.tv\/index.php?rest_route=%2Fwp%2Fv2%2Fcategories&post=12083"},{"taxonomy":"post_tag","embeddable":true,"href":"https:\/\/djecja.tv\/index.php?rest_route=%2Fwp%2Fv2%2Ftags&post=12083"}],"curies":[{"name":"wp","href":"https:\/\/api.w.org\/{rel}","templated":true}]}}