{"id":11031,"date":"2016-12-09T13:30:29","date_gmt":"2016-12-09T12:30:29","guid":{"rendered":"http:\/\/djecja.tv\/?p=11031"},"modified":"2017-02-07T13:14:06","modified_gmt":"2017-02-07T12:14:06","slug":"akcija-hlapic-poklanja-prvi-je-zavrsila","status":"publish","type":"post","link":"https:\/\/djecja.tv\/?p=11031","title":{"rendered":"Akcija \u201eHlapi\u0107 poklanja prvi\u201c je zavr\u0161ila!"},"content":{"rendered":"[vc_row][vc_column][mk_divider style=&#8221;padding_space&#8221;][vc_column_text]Hlapi\u0107evci vrti\u0107ke dobi, njihovi roditelji i odgajatelji u dje\u010djim vrti\u0107ima, uklju\u010dili su se u akciju \u201cHLAPI\u0106 POKLANJA PRVI\u201d, koju je proveo <a href=\"http:\/\/www.hlapic.net\/\" target=\"_blank\">Hlapi\u0107ev portal<\/a> i <a href=\"http:\/\/djecja.tv\/\" target=\"_blank\">Dje\u010dja televizija<\/a>.<\/p>\n<p>Prvih 100 dje\u010djih vrti\u0107a, koji su na email adresu djecja@djecja.tv poslali video snimku nastupa u izvo\u0111enju polaznika dje\u010djeg vrti\u0107a, HLAPI\u0106 je darovao poklon paketom. Hlapi\u0107evi paketi krenuli su svojim malim vrti\u0107arcima .[\/vc_column_text][mk_divider style=&#8221;padding_space&#8221;][mk_fancy_title size=&#8221;24&#8243; font_weight=&#8221;bold&#8221; font_family=&#8221;none&#8221;]Neki paketi ve\u0107 su stigli u ruke slatkih Hlapi\u0107evaca![\/mk_fancy_title][mk_divider style=&#8221;padding_space&#8221;][vc_column_text]<strong>\u00a0DV \u010cAVLI\u0106, \u010cAVLE<\/strong>[\/vc_column_text][mk_gallery images=&#8221;11033,11034,11035&#8243;][mk_divider style=&#8221;padding_space&#8221;][vc_column_text]<strong>DV DRNI\u0160<\/strong>[\/vc_column_text][mk_gallery images=&#8221;11036,11037,11038&#8243;][mk_divider style=&#8221;padding_space&#8221;][vc_column_text]<strong>DV \u0160IBENSKA MASLINA, OBJEKT KU\u0106ICA<\/strong>[\/vc_column_text][mk_gallery images=&#8221;11044,11045,11046&#8243;][mk_divider style=&#8221;padding_space&#8221;][vc_column_text]<strong>DV REGO\u010c, TENJA<\/strong>[\/vc_column_text][mk_gallery images=&#8221;11061,11062,11063&#8243;][mk_divider style=&#8221;padding_space&#8221;][vc_column_text]<strong>DV MASLA\u010cAK, PAKRAC<\/strong>[\/vc_column_text][mk_gallery images=&#8221;11064,11065,11066&#8243;][mk_divider style=&#8221;padding_space&#8221;][vc_column_text]<strong>DV ZIPKICA, ZABOK<\/strong>[\/vc_column_text][mk_gallery images=&#8221;11070,11071&#8243;][mk_divider style=&#8221;padding_space&#8221;][vc_column_text]<strong>DV PETRINJ\u010cICA, OBJEKT SLAP<\/strong>[\/vc_column_text][mk_gallery images=&#8221;11068&#8243;][mk_divider style=&#8221;padding_space&#8221;][vc_column_text]<strong>DV CVR\u010cAK, \u010cAKOVEC<\/strong>[\/vc_column_text][mk_gallery images=&#8221;11073,11074&#8243;][mk_divider style=&#8221;padding_space&#8221;][vc_column_text]<strong>DV HLOJKICA, DELNICE<\/strong>[\/vc_column_text][mk_gallery images=&#8221;11075,11076,11077&#8243;][mk_divider style=&#8221;padding_space&#8221;][vc_column_text]<strong>DV P\u010cELICA, \u010cAZMA<\/strong>[\/vc_column_text][mk_gallery images=&#8221;11079,11080&#8243;][mk_divider style=&#8221;padding_space&#8221;][vc_column_text]<strong> DV \u010cAROBNO OGLEDALCE, VARA\u017dDINSKE TOPLICE<\/strong>[\/vc_column_text][mk_gallery images=&#8221;11081,11082&#8243;][mk_divider style=&#8221;padding_space&#8221;][vc_column_text]<strong>DV RO\u017dICA, VELIKO TRGOVI\u0160\u0106E<\/strong>[\/vc_column_text][mk_gallery images=&#8221;11084,11085,11086&#8243;][mk_divider style=&#8221;padding_space&#8221;][vc_column_text]<strong>DV MAKSIMIR, ZAGREB<\/strong>[\/vc_column_text][mk_gallery images=&#8221;11088,11089,11090&#8243;][mk_divider style=&#8221;padding_space&#8221;][vc_column_text]<strong>DV CIPELICA, \u010cAKOVEC<\/strong>[\/vc_column_text][mk_gallery images=&#8221;11091,11092,11093&#8243;][mk_divider style=&#8221;padding_space&#8221;][vc_column_text]<strong>DV LEPTIRI\u0106I, ZEBANEC SELO<\/strong>[\/vc_column_text][mk_gallery images=&#8221;11094,11095&#8243;][mk_divider style=&#8221;padding_space&#8221;][vc_column_text]<strong>DV PETRINJ\u010cICA, OBJEKT KAPLJICA<\/strong>[\/vc_column_text][mk_gallery images=&#8221;11096,11097,11098&#8243;][mk_divider style=&#8221;padding_space&#8221;][vc_column_text]<strong>DV RIBICA, \u017dABNIK, SVETI MARTIN NA MURI<\/strong>[\/vc_column_text][mk_gallery images=&#8221;11106,11107,11108&#8243;][mk_divider style=&#8221;padding_space&#8221;][vc_column_text]<strong>DV BOSILJAK, PRIMO\u0160TEN <\/strong>[\/vc_column_text][mk_gallery images=&#8221;11109,11110,11111&#8243;][mk_divider style=&#8221;padding_space&#8221;][vc_column_text]<strong>PRED\u0160KOLA PRI O.\u0160. ANTUN KLASINC, LASINJA<\/strong>[\/vc_column_text][mk_gallery images=&#8221;11113,11112,11114&#8243;][mk_divider style=&#8221;padding_space&#8221;][vc_column_text]<strong>DJE\u010cJI VRTI\u0106 \u017dIREK, VELIKA GORICA<\/strong>[\/vc_column_text][mk_gallery images=&#8221;11134,11135,11136&#8243;][mk_divider style=&#8221;padding_space&#8221;][vc_column_text]<strong>DV BAMBI, VRBOVSKO<\/strong>[\/vc_column_text][mk_gallery images=&#8221;11138,11139,11140&#8243;][mk_divider style=&#8221;padding_space&#8221;][vc_column_text]<strong>DV VOJNI\u0106<\/strong>[\/vc_column_text][mk_gallery images=&#8221;11142,11143,11144&#8243;][mk_divider style=&#8221;padding_space&#8221;][vc_column_text]<strong>DV SKRAD<\/strong>[\/vc_column_text][mk_gallery images=&#8221;11146,11147,11148&#8243;][mk_divider style=&#8221;padding_space&#8221;][vc_column_text]<strong>PRED\u0160KOLA PRI O.\u0160. IVAN KOZARAC, NIJEMCI<\/strong>[\/vc_column_text][mk_gallery images=&#8221;11193,11194,11195&#8243;][mk_divider style=&#8221;padding_space&#8221;][vc_column_text]<strong>DV PINOKIO<\/strong>[\/vc_column_text][mk_gallery images=&#8221;11198&#8243;][mk_divider style=&#8221;padding_space&#8221;][vc_column_text]<strong>UDRUGA LEPTIR, DONJI ANDRIJEVCI<\/strong>[\/vc_column_text][mk_gallery images=&#8221;11200,11201,11202&#8243;][mk_divider style=&#8221;padding_space&#8221;][vc_column_text]<strong>DV ZVRK, \u0110AKOVO<\/strong>[\/vc_column_text][mk_gallery images=&#8221;11203,11204,11205&#8243;][mk_divider style=&#8221;padding_space&#8221;][vc_column_text]<strong>DV GRLICA, BILJE<\/strong>[\/vc_column_text][mk_gallery images=&#8221;11207,11208,11209&#8243;][mk_divider style=&#8221;padding_space&#8221;][\/vc_column][\/vc_row]\n","protected":false},"excerpt":{"rendered":"<p>Hlapi\u0107evci vrti\u0107ke dobi, njihovi roditelji i odgajatelji u dje\u010djim vrti\u0107ima, uklju\u0107ili su se u akciju \u201cHLAPI\u0106 POKLANJA PRVI\u201d, koju je proveo  Hlapi\u0107ev portal i Dje\u010dja televizija.<\/p>\n","protected":false},"author":1,"featured_media":11032,"comment_status":"open","ping_status":"open","sticky":false,"template":"","format":"standard","meta":{"footnotes":""},"categories":[92,48],"tags":[],"class_list":["post-11031","post","type-post","status-publish","format-standard","has-post-thumbnail","hentry","category-hlapic-poklanja-kraj","category-novosti"],"yoast_head":"<!-- This site is optimized with the Yoast SEO plugin v27.4 - https:\/\/yoast.com\/product\/yoast-seo-wordpress\/ -->\n<title>Akcija \u201eHlapi\u0107 poklanja prvi\u201c je zavr\u0161ila! - Dje\u010dja televizija<\/title>\n<meta name=\"robots\" content=\"index, follow, max-snippet:-1, max-image-preview:large, max-video-preview:-1\" \/>\n<link rel=\"canonical\" href=\"https:\/\/djecja.tv\/?p=11031\" \/>\n<meta property=\"og:locale\" content=\"en_US\" \/>\n<meta property=\"og:type\" content=\"article\" \/>\n<meta property=\"og:title\" content=\"Akcija \u201eHlapi\u0107 poklanja prvi\u201c je zavr\u0161ila! - Dje\u010dja televizija\" \/>\n<meta property=\"og:description\" content=\"Hlapi\u0107evci vrti\u0107ke dobi, njihovi roditelji i odgajatelji u dje\u010djim vrti\u0107ima, uklju\u0107ili su se u akciju \u201cHLAPI\u0106 POKLANJA PRVI\u201d, koju je proveo Hlapi\u0107ev portal i Dje\u010dja televizija.\" \/>\n<meta property=\"og:url\" content=\"https:\/\/djecja.tv\/?p=11031\" \/>\n<meta property=\"og:site_name\" content=\"Dje\u010dja televizija\" \/>\n<meta property=\"article:published_time\" content=\"2016-12-09T12:30:29+00:00\" \/>\n<meta property=\"article:modified_time\" content=\"2017-02-07T12:14:06+00:00\" \/>\n<meta property=\"og:image\" content=\"https:\/\/djecja.tv\/wp-content\/uploads\/2016\/12\/mg_4951-vizual-1040px.jpg\" \/>\n\t<meta property=\"og:image:width\" content=\"1040\" \/>\n\t<meta property=\"og:image:height\" content=\"624\" \/>\n\t<meta property=\"og:image:type\" content=\"image\/jpeg\" \/>\n<meta name=\"author\" content=\"Dje\u010dja televizija\" \/>\n<meta name=\"twitter:card\" content=\"summary_large_image\" \/>\n<meta name=\"twitter:label1\" content=\"Written by\" \/>\n\t<meta name=\"twitter:data1\" content=\"Dje\u010dja televizija\" \/>\n\t<meta name=\"twitter:label2\" content=\"Est. reading time\" \/>\n\t<meta name=\"twitter:data2\" content=\"3 minutes\" \/>\n<script type=\"application\/ld+json\" class=\"yoast-schema-graph\">{\"@context\":\"https:\\\/\\\/schema.org\",\"@graph\":[{\"@type\":\"Article\",\"@id\":\"https:\\\/\\\/djecja.tv\\\/?p=11031#article\",\"isPartOf\":{\"@id\":\"https:\\\/\\\/djecja.tv\\\/?p=11031\"},\"author\":{\"name\":\"Dje\u010dja televizija\",\"@id\":\"https:\\\/\\\/djecja.tv\\\/#\\\/schema\\\/person\\\/be623017e2604f134e860c1c2ca30758\"},\"headline\":\"Akcija \u201eHlapi\u0107 poklanja prvi\u201c je zavr\u0161ila!\",\"datePublished\":\"2016-12-09T12:30:29+00:00\",\"dateModified\":\"2017-02-07T12:14:06+00:00\",\"mainEntityOfPage\":{\"@id\":\"https:\\\/\\\/djecja.tv\\\/?p=11031\"},\"wordCount\":638,\"commentCount\":0,\"image\":{\"@id\":\"https:\\\/\\\/djecja.tv\\\/?p=11031#primaryimage\"},\"thumbnailUrl\":\"https:\\\/\\\/djecja.tv\\\/wp-content\\\/uploads\\\/2016\\\/12\\\/mg_4951-vizual-1040px.jpg\",\"articleSection\":[\"hlapic-poklanja-kraj\",\"Novosti\"],\"inLanguage\":\"en-US\",\"potentialAction\":[{\"@type\":\"CommentAction\",\"name\":\"Comment\",\"target\":[\"https:\\\/\\\/djecja.tv\\\/?p=11031#respond\"]}]},{\"@type\":\"WebPage\",\"@id\":\"https:\\\/\\\/djecja.tv\\\/?p=11031\",\"url\":\"https:\\\/\\\/djecja.tv\\\/?p=11031\",\"name\":\"Akcija \u201eHlapi\u0107 poklanja prvi\u201c je zavr\u0161ila! - Dje\u010dja televizija\",\"isPartOf\":{\"@id\":\"https:\\\/\\\/djecja.tv\\\/#website\"},\"primaryImageOfPage\":{\"@id\":\"https:\\\/\\\/djecja.tv\\\/?p=11031#primaryimage\"},\"image\":{\"@id\":\"https:\\\/\\\/djecja.tv\\\/?p=11031#primaryimage\"},\"thumbnailUrl\":\"https:\\\/\\\/djecja.tv\\\/wp-content\\\/uploads\\\/2016\\\/12\\\/mg_4951-vizual-1040px.jpg\",\"datePublished\":\"2016-12-09T12:30:29+00:00\",\"dateModified\":\"2017-02-07T12:14:06+00:00\",\"author\":{\"@id\":\"https:\\\/\\\/djecja.tv\\\/#\\\/schema\\\/person\\\/be623017e2604f134e860c1c2ca30758\"},\"breadcrumb\":{\"@id\":\"https:\\\/\\\/djecja.tv\\\/?p=11031#breadcrumb\"},\"inLanguage\":\"en-US\",\"potentialAction\":[{\"@type\":\"ReadAction\",\"target\":[\"https:\\\/\\\/djecja.tv\\\/?p=11031\"]}]},{\"@type\":\"ImageObject\",\"inLanguage\":\"en-US\",\"@id\":\"https:\\\/\\\/djecja.tv\\\/?p=11031#primaryimage\",\"url\":\"https:\\\/\\\/djecja.tv\\\/wp-content\\\/uploads\\\/2016\\\/12\\\/mg_4951-vizual-1040px.jpg\",\"contentUrl\":\"https:\\\/\\\/djecja.tv\\\/wp-content\\\/uploads\\\/2016\\\/12\\\/mg_4951-vizual-1040px.jpg\",\"width\":1040,\"height\":624},{\"@type\":\"BreadcrumbList\",\"@id\":\"https:\\\/\\\/djecja.tv\\\/?p=11031#breadcrumb\",\"itemListElement\":[{\"@type\":\"ListItem\",\"position\":1,\"name\":\"Home\",\"item\":\"https:\\\/\\\/djecja.tv\\\/\"},{\"@type\":\"ListItem\",\"position\":2,\"name\":\"Akcija \u201eHlapi\u0107 poklanja prvi\u201c je zavr\u0161ila!\"}]},{\"@type\":\"WebSite\",\"@id\":\"https:\\\/\\\/djecja.tv\\\/#website\",\"url\":\"https:\\\/\\\/djecja.tv\\\/\",\"name\":\"Dje\u010dja televizija\",\"description\":\"\",\"potentialAction\":[{\"@type\":\"SearchAction\",\"target\":{\"@type\":\"EntryPoint\",\"urlTemplate\":\"https:\\\/\\\/djecja.tv\\\/?s={search_term_string}\"},\"query-input\":{\"@type\":\"PropertyValueSpecification\",\"valueRequired\":true,\"valueName\":\"search_term_string\"}}],\"inLanguage\":\"en-US\"},{\"@type\":\"Person\",\"@id\":\"https:\\\/\\\/djecja.tv\\\/#\\\/schema\\\/person\\\/be623017e2604f134e860c1c2ca30758\",\"name\":\"Dje\u010dja televizija\",\"image\":{\"@type\":\"ImageObject\",\"inLanguage\":\"en-US\",\"@id\":\"https:\\\/\\\/secure.gravatar.com\\\/avatar\\\/dff39974bf5b8b263ac8487f1947a3512561df2b4250db77d51fd2edeab95769?s=96&d=mm&r=g\",\"url\":\"https:\\\/\\\/secure.gravatar.com\\\/avatar\\\/dff39974bf5b8b263ac8487f1947a3512561df2b4250db77d51fd2edeab95769?s=96&d=mm&r=g\",\"contentUrl\":\"https:\\\/\\\/secure.gravatar.com\\\/avatar\\\/dff39974bf5b8b263ac8487f1947a3512561df2b4250db77d51fd2edeab95769?s=96&d=mm&r=g\",\"caption\":\"Dje\u010dja televizija\"},\"url\":\"https:\\\/\\\/djecja.tv\\\/?author=1\"}]}<\/script>\n<!-- \/ Yoast SEO plugin. -->","yoast_head_json":{"title":"Akcija \u201eHlapi\u0107 poklanja prvi\u201c je zavr\u0161ila! - Dje\u010dja televizija","robots":{"index":"index","follow":"follow","max-snippet":"max-snippet:-1","max-image-preview":"max-image-preview:large","max-video-preview":"max-video-preview:-1"},"canonical":"https:\/\/djecja.tv\/?p=11031","og_locale":"en_US","og_type":"article","og_title":"Akcija \u201eHlapi\u0107 poklanja prvi\u201c je zavr\u0161ila! - Dje\u010dja televizija","og_description":"Hlapi\u0107evci vrti\u0107ke dobi, njihovi roditelji i odgajatelji u dje\u010djim vrti\u0107ima, uklju\u0107ili su se u akciju \u201cHLAPI\u0106 POKLANJA PRVI\u201d, koju je proveo Hlapi\u0107ev portal i Dje\u010dja televizija.","og_url":"https:\/\/djecja.tv\/?p=11031","og_site_name":"Dje\u010dja televizija","article_published_time":"2016-12-09T12:30:29+00:00","article_modified_time":"2017-02-07T12:14:06+00:00","og_image":[{"width":1040,"height":624,"url":"https:\/\/djecja.tv\/wp-content\/uploads\/2016\/12\/mg_4951-vizual-1040px.jpg","type":"image\/jpeg"}],"author":"Dje\u010dja televizija","twitter_card":"summary_large_image","twitter_misc":{"Written by":"Dje\u010dja televizija","Est. reading time":"3 minutes"},"schema":{"@context":"https:\/\/schema.org","@graph":[{"@type":"Article","@id":"https:\/\/djecja.tv\/?p=11031#article","isPartOf":{"@id":"https:\/\/djecja.tv\/?p=11031"},"author":{"name":"Dje\u010dja televizija","@id":"https:\/\/djecja.tv\/#\/schema\/person\/be623017e2604f134e860c1c2ca30758"},"headline":"Akcija \u201eHlapi\u0107 poklanja prvi\u201c je zavr\u0161ila!","datePublished":"2016-12-09T12:30:29+00:00","dateModified":"2017-02-07T12:14:06+00:00","mainEntityOfPage":{"@id":"https:\/\/djecja.tv\/?p=11031"},"wordCount":638,"commentCount":0,"image":{"@id":"https:\/\/djecja.tv\/?p=11031#primaryimage"},"thumbnailUrl":"https:\/\/djecja.tv\/wp-content\/uploads\/2016\/12\/mg_4951-vizual-1040px.jpg","articleSection":["hlapic-poklanja-kraj","Novosti"],"inLanguage":"en-US","potentialAction":[{"@type":"CommentAction","name":"Comment","target":["https:\/\/djecja.tv\/?p=11031#respond"]}]},{"@type":"WebPage","@id":"https:\/\/djecja.tv\/?p=11031","url":"https:\/\/djecja.tv\/?p=11031","name":"Akcija \u201eHlapi\u0107 poklanja prvi\u201c je zavr\u0161ila! - Dje\u010dja televizija","isPartOf":{"@id":"https:\/\/djecja.tv\/#website"},"primaryImageOfPage":{"@id":"https:\/\/djecja.tv\/?p=11031#primaryimage"},"image":{"@id":"https:\/\/djecja.tv\/?p=11031#primaryimage"},"thumbnailUrl":"https:\/\/djecja.tv\/wp-content\/uploads\/2016\/12\/mg_4951-vizual-1040px.jpg","datePublished":"2016-12-09T12:30:29+00:00","dateModified":"2017-02-07T12:14:06+00:00","author":{"@id":"https:\/\/djecja.tv\/#\/schema\/person\/be623017e2604f134e860c1c2ca30758"},"breadcrumb":{"@id":"https:\/\/djecja.tv\/?p=11031#breadcrumb"},"inLanguage":"en-US","potentialAction":[{"@type":"ReadAction","target":["https:\/\/djecja.tv\/?p=11031"]}]},{"@type":"ImageObject","inLanguage":"en-US","@id":"https:\/\/djecja.tv\/?p=11031#primaryimage","url":"https:\/\/djecja.tv\/wp-content\/uploads\/2016\/12\/mg_4951-vizual-1040px.jpg","contentUrl":"https:\/\/djecja.tv\/wp-content\/uploads\/2016\/12\/mg_4951-vizual-1040px.jpg","width":1040,"height":624},{"@type":"BreadcrumbList","@id":"https:\/\/djecja.tv\/?p=11031#breadcrumb","itemListElement":[{"@type":"ListItem","position":1,"name":"Home","item":"https:\/\/djecja.tv\/"},{"@type":"ListItem","position":2,"name":"Akcija \u201eHlapi\u0107 poklanja prvi\u201c je zavr\u0161ila!"}]},{"@type":"WebSite","@id":"https:\/\/djecja.tv\/#website","url":"https:\/\/djecja.tv\/","name":"Dje\u010dja televizija","description":"","potentialAction":[{"@type":"SearchAction","target":{"@type":"EntryPoint","urlTemplate":"https:\/\/djecja.tv\/?s={search_term_string}"},"query-input":{"@type":"PropertyValueSpecification","valueRequired":true,"valueName":"search_term_string"}}],"inLanguage":"en-US"},{"@type":"Person","@id":"https:\/\/djecja.tv\/#\/schema\/person\/be623017e2604f134e860c1c2ca30758","name":"Dje\u010dja televizija","image":{"@type":"ImageObject","inLanguage":"en-US","@id":"https:\/\/secure.gravatar.com\/avatar\/dff39974bf5b8b263ac8487f1947a3512561df2b4250db77d51fd2edeab95769?s=96&d=mm&r=g","url":"https:\/\/secure.gravatar.com\/avatar\/dff39974bf5b8b263ac8487f1947a3512561df2b4250db77d51fd2edeab95769?s=96&d=mm&r=g","contentUrl":"https:\/\/secure.gravatar.com\/avatar\/dff39974bf5b8b263ac8487f1947a3512561df2b4250db77d51fd2edeab95769?s=96&d=mm&r=g","caption":"Dje\u010dja televizija"},"url":"https:\/\/djecja.tv\/?author=1"}]}},"publishpress_future_action":{"enabled":false,"date":"2026-05-06 04:15:36","action":"change-status","newStatus":"draft","terms":[],"taxonomy":"category","extraData":[]},"publishpress_future_workflow_manual_trigger":{"enabledWorkflows":[]},"_links":{"self":[{"href":"https:\/\/djecja.tv\/index.php?rest_route=\/wp\/v2\/posts\/11031","targetHints":{"allow":["GET"]}}],"collection":[{"href":"https:\/\/djecja.tv\/index.php?rest_route=\/wp\/v2\/posts"}],"about":[{"href":"https:\/\/djecja.tv\/index.php?rest_route=\/wp\/v2\/types\/post"}],"author":[{"embeddable":true,"href":"https:\/\/djecja.tv\/index.php?rest_route=\/wp\/v2\/users\/1"}],"replies":[{"embeddable":true,"href":"https:\/\/djecja.tv\/index.php?rest_route=%2Fwp%2Fv2%2Fcomments&post=11031"}],"version-history":[{"count":20,"href":"https:\/\/djecja.tv\/index.php?rest_route=\/wp\/v2\/posts\/11031\/revisions"}],"predecessor-version":[{"id":11210,"href":"https:\/\/djecja.tv\/index.php?rest_route=\/wp\/v2\/posts\/11031\/revisions\/11210"}],"wp:featuredmedia":[{"embeddable":true,"href":"https:\/\/djecja.tv\/index.php?rest_route=\/wp\/v2\/media\/11032"}],"wp:attachment":[{"href":"https:\/\/djecja.tv\/index.php?rest_route=%2Fwp%2Fv2%2Fmedia&parent=11031"}],"wp:term":[{"taxonomy":"category","embeddable":true,"href":"https:\/\/djecja.tv\/index.php?rest_route=%2Fwp%2Fv2%2Fcategories&post=11031"},{"taxonomy":"post_tag","embeddable":true,"href":"https:\/\/djecja.tv\/index.php?rest_route=%2Fwp%2Fv2%2Ftags&post=11031"}],"curies":[{"name":"wp","href":"https:\/\/api.w.org\/{rel}","templated":true}]}}