{"id":10904,"date":"2016-11-04T13:06:05","date_gmt":"2016-11-04T12:06:05","guid":{"rendered":"http:\/\/djecja.tv\/?p=10904"},"modified":"2016-11-04T13:06:45","modified_gmt":"2016-11-04T12:06:45","slug":"djecji-zbor-lastavice","status":"publish","type":"post","link":"https:\/\/djecja.tv\/?p=10904","title":{"rendered":"Dje\u010dji zbor Lastavice"},"content":{"rendered":"[vc_row][vc_column][mk_gallery images=&#8221;10905,10906,10907,10908,10909,10910,10911&#8243; height=&#8221;260&#8243;][mk_divider style=&#8221;padding_space&#8221;][vc_column_text]Dje\u010dji zbor Lastavice snimio je 03.11.2016. u studiju Dje\u010dje Tv spot za pjesmu &#8220;\u010cudan mi\u0161ko&#8221;.<br \/>\nKako je bilo na snimanju pogledajte u foto galeriji![\/vc_column_text][\/vc_column][\/vc_row]\n","protected":false},"excerpt":{"rendered":"<p>Dje\u010dji zbor Lastavice snimio je 03.11.2016. u studiju Dje\u010dje Tv spot za pjesmu &#8220;\u010cudan mi\u0161ko&#8221;.<br \/>\nKako je bilo na snimanju pogledajte u foto galeriji!<\/p>\n","protected":false},"author":1,"featured_media":10908,"comment_status":"open","ping_status":"open","sticky":false,"template":"","format":"standard","meta":{"footnotes":""},"categories":[86,48],"tags":[],"class_list":["post-10904","post","type-post","status-publish","format-standard","has-post-thumbnail","hentry","category-foto-galerije-zborovi","category-novosti"],"yoast_head":"<!-- This site is optimized with the Yoast SEO plugin v27.4 - https:\/\/yoast.com\/product\/yoast-seo-wordpress\/ -->\n<title>Dje\u010dji zbor Lastavice - Dje\u010dja televizija<\/title>\n<meta name=\"robots\" content=\"index, follow, max-snippet:-1, max-image-preview:large, max-video-preview:-1\" \/>\n<link rel=\"canonical\" href=\"https:\/\/djecja.tv\/?p=10904\" \/>\n<meta property=\"og:locale\" content=\"en_US\" \/>\n<meta property=\"og:type\" content=\"article\" \/>\n<meta property=\"og:title\" content=\"Dje\u010dji zbor Lastavice - Dje\u010dja televizija\" \/>\n<meta property=\"og:description\" content=\"Dje\u010dji zbor Lastavice snimio je 03.11.2016. u studiju Dje\u010dje Tv spot za pjesmu &quot;\u010cudan mi\u0161ko&quot;. Kako je bilo na snimanju pogledajte u foto galeriji!\" \/>\n<meta property=\"og:url\" content=\"https:\/\/djecja.tv\/?p=10904\" \/>\n<meta property=\"og:site_name\" content=\"Dje\u010dja televizija\" \/>\n<meta property=\"article:published_time\" content=\"2016-11-04T12:06:05+00:00\" \/>\n<meta property=\"article:modified_time\" content=\"2016-11-04T12:06:45+00:00\" \/>\n<meta property=\"og:image\" content=\"https:\/\/djecja.tv\/wp-content\/uploads\/2016\/11\/img_6891.jpeg\" \/>\n\t<meta property=\"og:image:width\" content=\"1280\" \/>\n\t<meta property=\"og:image:height\" content=\"685\" \/>\n\t<meta property=\"og:image:type\" content=\"image\/jpeg\" \/>\n<meta name=\"author\" content=\"Dje\u010dja televizija\" \/>\n<meta name=\"twitter:card\" content=\"summary_large_image\" \/>\n<meta name=\"twitter:label1\" content=\"Written by\" \/>\n\t<meta name=\"twitter:data1\" content=\"Dje\u010dja televizija\" \/>\n<script type=\"application\/ld+json\" class=\"yoast-schema-graph\">{\"@context\":\"https:\\\/\\\/schema.org\",\"@graph\":[{\"@type\":\"Article\",\"@id\":\"https:\\\/\\\/djecja.tv\\\/?p=10904#article\",\"isPartOf\":{\"@id\":\"https:\\\/\\\/djecja.tv\\\/?p=10904\"},\"author\":{\"name\":\"Dje\u010dja televizija\",\"@id\":\"https:\\\/\\\/djecja.tv\\\/#\\\/schema\\\/person\\\/be623017e2604f134e860c1c2ca30758\"},\"headline\":\"Dje\u010dji zbor Lastavice\",\"datePublished\":\"2016-11-04T12:06:05+00:00\",\"dateModified\":\"2016-11-04T12:06:45+00:00\",\"mainEntityOfPage\":{\"@id\":\"https:\\\/\\\/djecja.tv\\\/?p=10904\"},\"wordCount\":53,\"commentCount\":0,\"image\":{\"@id\":\"https:\\\/\\\/djecja.tv\\\/?p=10904#primaryimage\"},\"thumbnailUrl\":\"https:\\\/\\\/djecja.tv\\\/wp-content\\\/uploads\\\/2016\\\/11\\\/img_6891.jpeg\",\"articleSection\":[\"foto-galerije-zborovi\",\"Novosti\"],\"inLanguage\":\"en-US\",\"potentialAction\":[{\"@type\":\"CommentAction\",\"name\":\"Comment\",\"target\":[\"https:\\\/\\\/djecja.tv\\\/?p=10904#respond\"]}]},{\"@type\":\"WebPage\",\"@id\":\"https:\\\/\\\/djecja.tv\\\/?p=10904\",\"url\":\"https:\\\/\\\/djecja.tv\\\/?p=10904\",\"name\":\"Dje\u010dji zbor Lastavice - Dje\u010dja televizija\",\"isPartOf\":{\"@id\":\"https:\\\/\\\/djecja.tv\\\/#website\"},\"primaryImageOfPage\":{\"@id\":\"https:\\\/\\\/djecja.tv\\\/?p=10904#primaryimage\"},\"image\":{\"@id\":\"https:\\\/\\\/djecja.tv\\\/?p=10904#primaryimage\"},\"thumbnailUrl\":\"https:\\\/\\\/djecja.tv\\\/wp-content\\\/uploads\\\/2016\\\/11\\\/img_6891.jpeg\",\"datePublished\":\"2016-11-04T12:06:05+00:00\",\"dateModified\":\"2016-11-04T12:06:45+00:00\",\"author\":{\"@id\":\"https:\\\/\\\/djecja.tv\\\/#\\\/schema\\\/person\\\/be623017e2604f134e860c1c2ca30758\"},\"breadcrumb\":{\"@id\":\"https:\\\/\\\/djecja.tv\\\/?p=10904#breadcrumb\"},\"inLanguage\":\"en-US\",\"potentialAction\":[{\"@type\":\"ReadAction\",\"target\":[\"https:\\\/\\\/djecja.tv\\\/?p=10904\"]}]},{\"@type\":\"ImageObject\",\"inLanguage\":\"en-US\",\"@id\":\"https:\\\/\\\/djecja.tv\\\/?p=10904#primaryimage\",\"url\":\"https:\\\/\\\/djecja.tv\\\/wp-content\\\/uploads\\\/2016\\\/11\\\/img_6891.jpeg\",\"contentUrl\":\"https:\\\/\\\/djecja.tv\\\/wp-content\\\/uploads\\\/2016\\\/11\\\/img_6891.jpeg\",\"width\":1280,\"height\":685},{\"@type\":\"BreadcrumbList\",\"@id\":\"https:\\\/\\\/djecja.tv\\\/?p=10904#breadcrumb\",\"itemListElement\":[{\"@type\":\"ListItem\",\"position\":1,\"name\":\"Home\",\"item\":\"https:\\\/\\\/djecja.tv\\\/\"},{\"@type\":\"ListItem\",\"position\":2,\"name\":\"Dje\u010dji zbor Lastavice\"}]},{\"@type\":\"WebSite\",\"@id\":\"https:\\\/\\\/djecja.tv\\\/#website\",\"url\":\"https:\\\/\\\/djecja.tv\\\/\",\"name\":\"Dje\u010dja televizija\",\"description\":\"\",\"potentialAction\":[{\"@type\":\"SearchAction\",\"target\":{\"@type\":\"EntryPoint\",\"urlTemplate\":\"https:\\\/\\\/djecja.tv\\\/?s={search_term_string}\"},\"query-input\":{\"@type\":\"PropertyValueSpecification\",\"valueRequired\":true,\"valueName\":\"search_term_string\"}}],\"inLanguage\":\"en-US\"},{\"@type\":\"Person\",\"@id\":\"https:\\\/\\\/djecja.tv\\\/#\\\/schema\\\/person\\\/be623017e2604f134e860c1c2ca30758\",\"name\":\"Dje\u010dja televizija\",\"image\":{\"@type\":\"ImageObject\",\"inLanguage\":\"en-US\",\"@id\":\"https:\\\/\\\/secure.gravatar.com\\\/avatar\\\/dff39974bf5b8b263ac8487f1947a3512561df2b4250db77d51fd2edeab95769?s=96&d=mm&r=g\",\"url\":\"https:\\\/\\\/secure.gravatar.com\\\/avatar\\\/dff39974bf5b8b263ac8487f1947a3512561df2b4250db77d51fd2edeab95769?s=96&d=mm&r=g\",\"contentUrl\":\"https:\\\/\\\/secure.gravatar.com\\\/avatar\\\/dff39974bf5b8b263ac8487f1947a3512561df2b4250db77d51fd2edeab95769?s=96&d=mm&r=g\",\"caption\":\"Dje\u010dja televizija\"},\"url\":\"https:\\\/\\\/djecja.tv\\\/?author=1\"}]}<\/script>\n<!-- \/ Yoast SEO plugin. -->","yoast_head_json":{"title":"Dje\u010dji zbor Lastavice - Dje\u010dja televizija","robots":{"index":"index","follow":"follow","max-snippet":"max-snippet:-1","max-image-preview":"max-image-preview:large","max-video-preview":"max-video-preview:-1"},"canonical":"https:\/\/djecja.tv\/?p=10904","og_locale":"en_US","og_type":"article","og_title":"Dje\u010dji zbor Lastavice - Dje\u010dja televizija","og_description":"Dje\u010dji zbor Lastavice snimio je 03.11.2016. u studiju Dje\u010dje Tv spot za pjesmu \"\u010cudan mi\u0161ko\". Kako je bilo na snimanju pogledajte u foto galeriji!","og_url":"https:\/\/djecja.tv\/?p=10904","og_site_name":"Dje\u010dja televizija","article_published_time":"2016-11-04T12:06:05+00:00","article_modified_time":"2016-11-04T12:06:45+00:00","og_image":[{"width":1280,"height":685,"url":"https:\/\/djecja.tv\/wp-content\/uploads\/2016\/11\/img_6891.jpeg","type":"image\/jpeg"}],"author":"Dje\u010dja televizija","twitter_card":"summary_large_image","twitter_misc":{"Written by":"Dje\u010dja televizija"},"schema":{"@context":"https:\/\/schema.org","@graph":[{"@type":"Article","@id":"https:\/\/djecja.tv\/?p=10904#article","isPartOf":{"@id":"https:\/\/djecja.tv\/?p=10904"},"author":{"name":"Dje\u010dja televizija","@id":"https:\/\/djecja.tv\/#\/schema\/person\/be623017e2604f134e860c1c2ca30758"},"headline":"Dje\u010dji zbor Lastavice","datePublished":"2016-11-04T12:06:05+00:00","dateModified":"2016-11-04T12:06:45+00:00","mainEntityOfPage":{"@id":"https:\/\/djecja.tv\/?p=10904"},"wordCount":53,"commentCount":0,"image":{"@id":"https:\/\/djecja.tv\/?p=10904#primaryimage"},"thumbnailUrl":"https:\/\/djecja.tv\/wp-content\/uploads\/2016\/11\/img_6891.jpeg","articleSection":["foto-galerije-zborovi","Novosti"],"inLanguage":"en-US","potentialAction":[{"@type":"CommentAction","name":"Comment","target":["https:\/\/djecja.tv\/?p=10904#respond"]}]},{"@type":"WebPage","@id":"https:\/\/djecja.tv\/?p=10904","url":"https:\/\/djecja.tv\/?p=10904","name":"Dje\u010dji zbor Lastavice - Dje\u010dja televizija","isPartOf":{"@id":"https:\/\/djecja.tv\/#website"},"primaryImageOfPage":{"@id":"https:\/\/djecja.tv\/?p=10904#primaryimage"},"image":{"@id":"https:\/\/djecja.tv\/?p=10904#primaryimage"},"thumbnailUrl":"https:\/\/djecja.tv\/wp-content\/uploads\/2016\/11\/img_6891.jpeg","datePublished":"2016-11-04T12:06:05+00:00","dateModified":"2016-11-04T12:06:45+00:00","author":{"@id":"https:\/\/djecja.tv\/#\/schema\/person\/be623017e2604f134e860c1c2ca30758"},"breadcrumb":{"@id":"https:\/\/djecja.tv\/?p=10904#breadcrumb"},"inLanguage":"en-US","potentialAction":[{"@type":"ReadAction","target":["https:\/\/djecja.tv\/?p=10904"]}]},{"@type":"ImageObject","inLanguage":"en-US","@id":"https:\/\/djecja.tv\/?p=10904#primaryimage","url":"https:\/\/djecja.tv\/wp-content\/uploads\/2016\/11\/img_6891.jpeg","contentUrl":"https:\/\/djecja.tv\/wp-content\/uploads\/2016\/11\/img_6891.jpeg","width":1280,"height":685},{"@type":"BreadcrumbList","@id":"https:\/\/djecja.tv\/?p=10904#breadcrumb","itemListElement":[{"@type":"ListItem","position":1,"name":"Home","item":"https:\/\/djecja.tv\/"},{"@type":"ListItem","position":2,"name":"Dje\u010dji zbor Lastavice"}]},{"@type":"WebSite","@id":"https:\/\/djecja.tv\/#website","url":"https:\/\/djecja.tv\/","name":"Dje\u010dja televizija","description":"","potentialAction":[{"@type":"SearchAction","target":{"@type":"EntryPoint","urlTemplate":"https:\/\/djecja.tv\/?s={search_term_string}"},"query-input":{"@type":"PropertyValueSpecification","valueRequired":true,"valueName":"search_term_string"}}],"inLanguage":"en-US"},{"@type":"Person","@id":"https:\/\/djecja.tv\/#\/schema\/person\/be623017e2604f134e860c1c2ca30758","name":"Dje\u010dja televizija","image":{"@type":"ImageObject","inLanguage":"en-US","@id":"https:\/\/secure.gravatar.com\/avatar\/dff39974bf5b8b263ac8487f1947a3512561df2b4250db77d51fd2edeab95769?s=96&d=mm&r=g","url":"https:\/\/secure.gravatar.com\/avatar\/dff39974bf5b8b263ac8487f1947a3512561df2b4250db77d51fd2edeab95769?s=96&d=mm&r=g","contentUrl":"https:\/\/secure.gravatar.com\/avatar\/dff39974bf5b8b263ac8487f1947a3512561df2b4250db77d51fd2edeab95769?s=96&d=mm&r=g","caption":"Dje\u010dja televizija"},"url":"https:\/\/djecja.tv\/?author=1"}]}},"publishpress_future_action":{"enabled":false,"date":"2026-05-05 15:07:08","action":"change-status","newStatus":"draft","terms":[],"taxonomy":"category","extraData":[]},"publishpress_future_workflow_manual_trigger":{"enabledWorkflows":[]},"_links":{"self":[{"href":"https:\/\/djecja.tv\/index.php?rest_route=\/wp\/v2\/posts\/10904","targetHints":{"allow":["GET"]}}],"collection":[{"href":"https:\/\/djecja.tv\/index.php?rest_route=\/wp\/v2\/posts"}],"about":[{"href":"https:\/\/djecja.tv\/index.php?rest_route=\/wp\/v2\/types\/post"}],"author":[{"embeddable":true,"href":"https:\/\/djecja.tv\/index.php?rest_route=\/wp\/v2\/users\/1"}],"replies":[{"embeddable":true,"href":"https:\/\/djecja.tv\/index.php?rest_route=%2Fwp%2Fv2%2Fcomments&post=10904"}],"version-history":[{"count":2,"href":"https:\/\/djecja.tv\/index.php?rest_route=\/wp\/v2\/posts\/10904\/revisions"}],"predecessor-version":[{"id":10913,"href":"https:\/\/djecja.tv\/index.php?rest_route=\/wp\/v2\/posts\/10904\/revisions\/10913"}],"wp:featuredmedia":[{"embeddable":true,"href":"https:\/\/djecja.tv\/index.php?rest_route=\/wp\/v2\/media\/10908"}],"wp:attachment":[{"href":"https:\/\/djecja.tv\/index.php?rest_route=%2Fwp%2Fv2%2Fmedia&parent=10904"}],"wp:term":[{"taxonomy":"category","embeddable":true,"href":"https:\/\/djecja.tv\/index.php?rest_route=%2Fwp%2Fv2%2Fcategories&post=10904"},{"taxonomy":"post_tag","embeddable":true,"href":"https:\/\/djecja.tv\/index.php?rest_route=%2Fwp%2Fv2%2Ftags&post=10904"}],"curies":[{"name":"wp","href":"https:\/\/api.w.org\/{rel}","templated":true}]}}