{"id":10831,"date":"2016-10-14T13:26:44","date_gmt":"2016-10-14T11:26:44","guid":{"rendered":"http:\/\/djecja.tv\/?p=10831"},"modified":"2016-10-27T13:09:14","modified_gmt":"2016-10-27T11:09:14","slug":"akcija-hlapic-poklanja-prvi-pocinje","status":"publish","type":"post","link":"https:\/\/djecja.tv\/?p=10831","title":{"rendered":"UKLJU\u010cITE SE I VI U AKCIJU \u201cHLAPI\u0106 POKLANJA PRVI\u201d!"},"content":{"rendered":"[vc_row][vc_column][vc_column_text]Vjerujemo da svi Hlapi\u0107evci vrti\u0107ke dobi, njihovi roditelji i odgajatelji u dje\u010djim vrti\u0107ima, sa zanimanjem prate akciju \u201cHLAPI\u0106 POKLANJA PRVI\u201d, koju u suradnji provode <a href=\"http:\/\/www.hlapic.net\/\" target=\"_blank\">Hlapi\u0107ev portal<\/a>\u00a0i <a href=\"http:\/\/djecja.tv\/\">Dje\u010dja televizija<\/a>.<\/p>\n<p>Podsjetimo,\u00a0prvih 100 dje\u010djih vrti\u0107a, koji na email adresu<\/p>\n<p><a href=\"mailto:djecja@djecja.tv\">djecja@djecja.tv<\/a><\/p>\n<p>po\u0161alju video snimku nastupa u izvo\u0111enju polaznika dje\u010djeg vrti\u0107a, HLAPI\u0106 daruje poklon paketom.<\/p>\n<p>Snimiti mo\u017eete:<br \/>\n&#8211; pjesmicu<br \/>\n&#8211; kratak igrokaz<br \/>\n&#8211; ske\u010d<br \/>\n&#8211; pitalicu<br \/>\n&#8211; recitaciju i sli\u010dno.<\/p>\n<p>Duljina snimke treba biti od 1-2 minute i, \u0161to je vrlo va\u017eno, mora biti:<\/p>\n<p>&#8211; tehni\u010dki korektne slike i tona<br \/>\ni<br \/>\n&#8211; prikazivati konkretan sadr\u017eaj (pjesmicu, igrokaz\u2026.)<\/p>\n<p>Ukoliko je va\u0161a snimka dulja od tra\u017eene, monta\u017eeri Dje\u010dje tv \u0107e prilagoditi duljinu.<\/p>\n<p>Slanjem video sadr\u017eaja na na\u0161u adresu, u ime dje\u010djeg vrti\u0107a i izvo\u0111a\u010da prihva\u0107ate da poslani video sadr\u017eaj Dje\u010dja tv i Croatia film mogu koristiti u svojim tv programima i na svojim portalima, bez ograni\u010denja i naknade.<\/p>\n<p>Video snimke primamo do 01.12.2016., a nagra\u0111ujemo prvih 100 primljenih iz 100 razli\u010ditih vrti\u0107a. Svaki vrti\u0107 mo\u017ee biti nagra\u0111en samo 1 (jednim) paketom kako bi \u0161to vi\u0161e vrti\u0107a bilo darivano, njih \u010dak 100!<\/p>\n<p>Hlapi\u0107ev paket \u0107e se mo\u0107i podi\u0107i u Hlapi\u0107evom du\u0107anu od 05.12.2016., Katan\u010di\u0107eva 3, Zagreb, a za vrti\u0107e izvan Zagreba dogovorit \u0107emo na\u010din isporuke.<\/p>\n<p>Po\u0161iljatelje u ime dje\u010djeg vrti\u0107a molimo da navedu:<br \/>\n-naziv dje\u010djeg vrti\u0107a<br \/>\n-adresu<br \/>\n-kontakt podatke: email, telefon<br \/>\n-osobno ime prijavitelja uz naznaku npr. \u201codgajatelj(ica)\u201d, \u201croditelj\u201d\u2026.<br \/>\n-naslov pjesme, recitacije, igrokaza\u2026 uz obavezno navo\u0111enje imena autora (glazbe, teksta, knji\u017eevnog predlo\u0161ka i sl.)<\/p>\n<p>Ako je va\u0161 video prilog \u201cprevelik\u201d za slanje emailom po\u0161aljite ga Jumbo mailom ili na sli\u010dan na\u010din, a snimke mo\u017eete dostaviti i po\u0161tom na adresu: Croatia film, Katan\u010di\u0107eva 3, 10000 Zagreb, uz naznaku \u201cHlapi\u0107 poklanja prvi\u201d.<\/p>\n<p>Sve novosti o tijeku akcije, nagra\u0111enim dje\u010djim vrti\u0107ima i sadr\u017eajima koje \u0107e Hlapi\u0107 spremiti u paket saznajte redovitim pra\u0107enjem Hlapi\u0107evog portala <a href=\"http:\/\/www.hlapic.net\/\" target=\"_blank\">www.hlapic.net<\/a> i njegove <a href=\"https:\/\/www.facebook.com\/hlapicevportal\/\" target=\"_blank\">Facebook<\/a> stranice <a href=\"https:\/\/www.facebook.com\/hlapicevportal\/\" target=\"_blank\">\u0160egrt Hlapi\u0107<\/a> i programa Dje\u010dje televizije, njezinog portala <a href=\"http:\/\/djecja.tv\/\">www.djecja.tv<\/a>, Facebook stranice <a href=\"https:\/\/www.facebook.com\/djecjatelevizija\/\" target=\"_blank\">Dje\u010dja televizija<\/a> i <a href=\"https:\/\/www.youtube.com\/user\/DjecjaTV\" target=\"_blank\">YouTube kanala DjecjaTV<\/a>.[\/vc_column_text][\/vc_column][\/vc_row]\n","protected":false},"excerpt":{"rendered":"<p>Vjerujemo da svi Hlapi\u0107evci vrti\u0107ke dobi, njihovi roditelji i odgajatelji u dje\u010djim vrti\u0107ima, sa zanimanjem prate akciju \u201cHLAPI\u0106 POKLANJA PRVI\u201d, koju u suradnji provode Hlapi\u0107ev portal i Dje\u010dja televizija.<\/p>\n","protected":false},"author":1,"featured_media":10832,"comment_status":"open","ping_status":"open","sticky":false,"template":"","format":"standard","meta":{"footnotes":""},"categories":[89,48],"tags":[],"class_list":["post-10831","post","type-post","status-publish","format-standard","has-post-thumbnail","hentry","category-hlapic-poklanja","category-novosti"],"yoast_head":"<!-- This site is optimized with the Yoast SEO plugin v27.4 - https:\/\/yoast.com\/product\/yoast-seo-wordpress\/ -->\n<title>UKLJU\u010cITE SE I VI U AKCIJU \u201cHLAPI\u0106 POKLANJA PRVI\u201d! - Dje\u010dja televizija<\/title>\n<meta name=\"robots\" content=\"index, follow, max-snippet:-1, max-image-preview:large, max-video-preview:-1\" \/>\n<link rel=\"canonical\" href=\"https:\/\/djecja.tv\/?p=10831\" \/>\n<meta property=\"og:locale\" content=\"en_US\" \/>\n<meta property=\"og:type\" content=\"article\" \/>\n<meta property=\"og:title\" content=\"UKLJU\u010cITE SE I VI U AKCIJU \u201cHLAPI\u0106 POKLANJA PRVI\u201d! - Dje\u010dja televizija\" \/>\n<meta property=\"og:description\" content=\"Vjerujemo da svi Hlapi\u0107evci vrti\u0107ke dobi, njihovi roditelji i odgajatelji u dje\u010djim vrti\u0107ima, sa zanimanjem prate akciju \u201cHLAPI\u0106 POKLANJA PRVI\u201d, koju u suradnji provode Hlapi\u0107ev portal i Dje\u010dja televizija.\" \/>\n<meta property=\"og:url\" content=\"https:\/\/djecja.tv\/?p=10831\" \/>\n<meta property=\"og:site_name\" content=\"Dje\u010dja televizija\" \/>\n<meta property=\"article:published_time\" content=\"2016-10-14T11:26:44+00:00\" \/>\n<meta property=\"article:modified_time\" content=\"2016-10-27T11:09:14+00:00\" \/>\n<meta property=\"og:image\" content=\"https:\/\/djecja.tv\/wp-content\/uploads\/2016\/10\/dtv_clanak1118x582svi_elementi.jpg\" \/>\n\t<meta property=\"og:image:width\" content=\"1118\" \/>\n\t<meta property=\"og:image:height\" content=\"582\" \/>\n\t<meta property=\"og:image:type\" content=\"image\/jpeg\" \/>\n<meta name=\"author\" content=\"Dje\u010dja televizija\" \/>\n<meta name=\"twitter:card\" content=\"summary_large_image\" \/>\n<meta name=\"twitter:label1\" content=\"Written by\" \/>\n\t<meta name=\"twitter:data1\" content=\"Dje\u010dja televizija\" \/>\n\t<meta name=\"twitter:label2\" content=\"Est. reading time\" \/>\n\t<meta name=\"twitter:data2\" content=\"2 minutes\" \/>\n<script type=\"application\/ld+json\" class=\"yoast-schema-graph\">{\"@context\":\"https:\\\/\\\/schema.org\",\"@graph\":[{\"@type\":\"Article\",\"@id\":\"https:\\\/\\\/djecja.tv\\\/?p=10831#article\",\"isPartOf\":{\"@id\":\"https:\\\/\\\/djecja.tv\\\/?p=10831\"},\"author\":{\"name\":\"Dje\u010dja televizija\",\"@id\":\"https:\\\/\\\/djecja.tv\\\/#\\\/schema\\\/person\\\/be623017e2604f134e860c1c2ca30758\"},\"headline\":\"UKLJU\u010cITE SE I VI U AKCIJU \u201cHLAPI\u0106 POKLANJA PRVI\u201d!\",\"datePublished\":\"2016-10-14T11:26:44+00:00\",\"dateModified\":\"2016-10-27T11:09:14+00:00\",\"mainEntityOfPage\":{\"@id\":\"https:\\\/\\\/djecja.tv\\\/?p=10831\"},\"wordCount\":408,\"commentCount\":0,\"image\":{\"@id\":\"https:\\\/\\\/djecja.tv\\\/?p=10831#primaryimage\"},\"thumbnailUrl\":\"https:\\\/\\\/djecja.tv\\\/wp-content\\\/uploads\\\/2016\\\/10\\\/dtv_clanak1118x582svi_elementi.jpg\",\"articleSection\":[\"Hlapic-poklanja\",\"Novosti\"],\"inLanguage\":\"en-US\",\"potentialAction\":[{\"@type\":\"CommentAction\",\"name\":\"Comment\",\"target\":[\"https:\\\/\\\/djecja.tv\\\/?p=10831#respond\"]}]},{\"@type\":\"WebPage\",\"@id\":\"https:\\\/\\\/djecja.tv\\\/?p=10831\",\"url\":\"https:\\\/\\\/djecja.tv\\\/?p=10831\",\"name\":\"UKLJU\u010cITE SE I VI U AKCIJU \u201cHLAPI\u0106 POKLANJA PRVI\u201d! - Dje\u010dja televizija\",\"isPartOf\":{\"@id\":\"https:\\\/\\\/djecja.tv\\\/#website\"},\"primaryImageOfPage\":{\"@id\":\"https:\\\/\\\/djecja.tv\\\/?p=10831#primaryimage\"},\"image\":{\"@id\":\"https:\\\/\\\/djecja.tv\\\/?p=10831#primaryimage\"},\"thumbnailUrl\":\"https:\\\/\\\/djecja.tv\\\/wp-content\\\/uploads\\\/2016\\\/10\\\/dtv_clanak1118x582svi_elementi.jpg\",\"datePublished\":\"2016-10-14T11:26:44+00:00\",\"dateModified\":\"2016-10-27T11:09:14+00:00\",\"author\":{\"@id\":\"https:\\\/\\\/djecja.tv\\\/#\\\/schema\\\/person\\\/be623017e2604f134e860c1c2ca30758\"},\"breadcrumb\":{\"@id\":\"https:\\\/\\\/djecja.tv\\\/?p=10831#breadcrumb\"},\"inLanguage\":\"en-US\",\"potentialAction\":[{\"@type\":\"ReadAction\",\"target\":[\"https:\\\/\\\/djecja.tv\\\/?p=10831\"]}]},{\"@type\":\"ImageObject\",\"inLanguage\":\"en-US\",\"@id\":\"https:\\\/\\\/djecja.tv\\\/?p=10831#primaryimage\",\"url\":\"https:\\\/\\\/djecja.tv\\\/wp-content\\\/uploads\\\/2016\\\/10\\\/dtv_clanak1118x582svi_elementi.jpg\",\"contentUrl\":\"https:\\\/\\\/djecja.tv\\\/wp-content\\\/uploads\\\/2016\\\/10\\\/dtv_clanak1118x582svi_elementi.jpg\",\"width\":1118,\"height\":582},{\"@type\":\"BreadcrumbList\",\"@id\":\"https:\\\/\\\/djecja.tv\\\/?p=10831#breadcrumb\",\"itemListElement\":[{\"@type\":\"ListItem\",\"position\":1,\"name\":\"Home\",\"item\":\"https:\\\/\\\/djecja.tv\\\/\"},{\"@type\":\"ListItem\",\"position\":2,\"name\":\"UKLJU\u010cITE SE I VI U AKCIJU \u201cHLAPI\u0106 POKLANJA PRVI\u201d!\"}]},{\"@type\":\"WebSite\",\"@id\":\"https:\\\/\\\/djecja.tv\\\/#website\",\"url\":\"https:\\\/\\\/djecja.tv\\\/\",\"name\":\"Dje\u010dja televizija\",\"description\":\"\",\"potentialAction\":[{\"@type\":\"SearchAction\",\"target\":{\"@type\":\"EntryPoint\",\"urlTemplate\":\"https:\\\/\\\/djecja.tv\\\/?s={search_term_string}\"},\"query-input\":{\"@type\":\"PropertyValueSpecification\",\"valueRequired\":true,\"valueName\":\"search_term_string\"}}],\"inLanguage\":\"en-US\"},{\"@type\":\"Person\",\"@id\":\"https:\\\/\\\/djecja.tv\\\/#\\\/schema\\\/person\\\/be623017e2604f134e860c1c2ca30758\",\"name\":\"Dje\u010dja televizija\",\"image\":{\"@type\":\"ImageObject\",\"inLanguage\":\"en-US\",\"@id\":\"https:\\\/\\\/secure.gravatar.com\\\/avatar\\\/dff39974bf5b8b263ac8487f1947a3512561df2b4250db77d51fd2edeab95769?s=96&d=mm&r=g\",\"url\":\"https:\\\/\\\/secure.gravatar.com\\\/avatar\\\/dff39974bf5b8b263ac8487f1947a3512561df2b4250db77d51fd2edeab95769?s=96&d=mm&r=g\",\"contentUrl\":\"https:\\\/\\\/secure.gravatar.com\\\/avatar\\\/dff39974bf5b8b263ac8487f1947a3512561df2b4250db77d51fd2edeab95769?s=96&d=mm&r=g\",\"caption\":\"Dje\u010dja televizija\"},\"url\":\"https:\\\/\\\/djecja.tv\\\/?author=1\"}]}<\/script>\n<!-- \/ Yoast SEO plugin. -->","yoast_head_json":{"title":"UKLJU\u010cITE SE I VI U AKCIJU \u201cHLAPI\u0106 POKLANJA PRVI\u201d! - Dje\u010dja televizija","robots":{"index":"index","follow":"follow","max-snippet":"max-snippet:-1","max-image-preview":"max-image-preview:large","max-video-preview":"max-video-preview:-1"},"canonical":"https:\/\/djecja.tv\/?p=10831","og_locale":"en_US","og_type":"article","og_title":"UKLJU\u010cITE SE I VI U AKCIJU \u201cHLAPI\u0106 POKLANJA PRVI\u201d! - Dje\u010dja televizija","og_description":"Vjerujemo da svi Hlapi\u0107evci vrti\u0107ke dobi, njihovi roditelji i odgajatelji u dje\u010djim vrti\u0107ima, sa zanimanjem prate akciju \u201cHLAPI\u0106 POKLANJA PRVI\u201d, koju u suradnji provode Hlapi\u0107ev portal i Dje\u010dja televizija.","og_url":"https:\/\/djecja.tv\/?p=10831","og_site_name":"Dje\u010dja televizija","article_published_time":"2016-10-14T11:26:44+00:00","article_modified_time":"2016-10-27T11:09:14+00:00","og_image":[{"width":1118,"height":582,"url":"https:\/\/djecja.tv\/wp-content\/uploads\/2016\/10\/dtv_clanak1118x582svi_elementi.jpg","type":"image\/jpeg"}],"author":"Dje\u010dja televizija","twitter_card":"summary_large_image","twitter_misc":{"Written by":"Dje\u010dja televizija","Est. reading time":"2 minutes"},"schema":{"@context":"https:\/\/schema.org","@graph":[{"@type":"Article","@id":"https:\/\/djecja.tv\/?p=10831#article","isPartOf":{"@id":"https:\/\/djecja.tv\/?p=10831"},"author":{"name":"Dje\u010dja televizija","@id":"https:\/\/djecja.tv\/#\/schema\/person\/be623017e2604f134e860c1c2ca30758"},"headline":"UKLJU\u010cITE SE I VI U AKCIJU \u201cHLAPI\u0106 POKLANJA PRVI\u201d!","datePublished":"2016-10-14T11:26:44+00:00","dateModified":"2016-10-27T11:09:14+00:00","mainEntityOfPage":{"@id":"https:\/\/djecja.tv\/?p=10831"},"wordCount":408,"commentCount":0,"image":{"@id":"https:\/\/djecja.tv\/?p=10831#primaryimage"},"thumbnailUrl":"https:\/\/djecja.tv\/wp-content\/uploads\/2016\/10\/dtv_clanak1118x582svi_elementi.jpg","articleSection":["Hlapic-poklanja","Novosti"],"inLanguage":"en-US","potentialAction":[{"@type":"CommentAction","name":"Comment","target":["https:\/\/djecja.tv\/?p=10831#respond"]}]},{"@type":"WebPage","@id":"https:\/\/djecja.tv\/?p=10831","url":"https:\/\/djecja.tv\/?p=10831","name":"UKLJU\u010cITE SE I VI U AKCIJU \u201cHLAPI\u0106 POKLANJA PRVI\u201d! - Dje\u010dja televizija","isPartOf":{"@id":"https:\/\/djecja.tv\/#website"},"primaryImageOfPage":{"@id":"https:\/\/djecja.tv\/?p=10831#primaryimage"},"image":{"@id":"https:\/\/djecja.tv\/?p=10831#primaryimage"},"thumbnailUrl":"https:\/\/djecja.tv\/wp-content\/uploads\/2016\/10\/dtv_clanak1118x582svi_elementi.jpg","datePublished":"2016-10-14T11:26:44+00:00","dateModified":"2016-10-27T11:09:14+00:00","author":{"@id":"https:\/\/djecja.tv\/#\/schema\/person\/be623017e2604f134e860c1c2ca30758"},"breadcrumb":{"@id":"https:\/\/djecja.tv\/?p=10831#breadcrumb"},"inLanguage":"en-US","potentialAction":[{"@type":"ReadAction","target":["https:\/\/djecja.tv\/?p=10831"]}]},{"@type":"ImageObject","inLanguage":"en-US","@id":"https:\/\/djecja.tv\/?p=10831#primaryimage","url":"https:\/\/djecja.tv\/wp-content\/uploads\/2016\/10\/dtv_clanak1118x582svi_elementi.jpg","contentUrl":"https:\/\/djecja.tv\/wp-content\/uploads\/2016\/10\/dtv_clanak1118x582svi_elementi.jpg","width":1118,"height":582},{"@type":"BreadcrumbList","@id":"https:\/\/djecja.tv\/?p=10831#breadcrumb","itemListElement":[{"@type":"ListItem","position":1,"name":"Home","item":"https:\/\/djecja.tv\/"},{"@type":"ListItem","position":2,"name":"UKLJU\u010cITE SE I VI U AKCIJU \u201cHLAPI\u0106 POKLANJA PRVI\u201d!"}]},{"@type":"WebSite","@id":"https:\/\/djecja.tv\/#website","url":"https:\/\/djecja.tv\/","name":"Dje\u010dja televizija","description":"","potentialAction":[{"@type":"SearchAction","target":{"@type":"EntryPoint","urlTemplate":"https:\/\/djecja.tv\/?s={search_term_string}"},"query-input":{"@type":"PropertyValueSpecification","valueRequired":true,"valueName":"search_term_string"}}],"inLanguage":"en-US"},{"@type":"Person","@id":"https:\/\/djecja.tv\/#\/schema\/person\/be623017e2604f134e860c1c2ca30758","name":"Dje\u010dja televizija","image":{"@type":"ImageObject","inLanguage":"en-US","@id":"https:\/\/secure.gravatar.com\/avatar\/dff39974bf5b8b263ac8487f1947a3512561df2b4250db77d51fd2edeab95769?s=96&d=mm&r=g","url":"https:\/\/secure.gravatar.com\/avatar\/dff39974bf5b8b263ac8487f1947a3512561df2b4250db77d51fd2edeab95769?s=96&d=mm&r=g","contentUrl":"https:\/\/secure.gravatar.com\/avatar\/dff39974bf5b8b263ac8487f1947a3512561df2b4250db77d51fd2edeab95769?s=96&d=mm&r=g","caption":"Dje\u010dja televizija"},"url":"https:\/\/djecja.tv\/?author=1"}]}},"publishpress_future_action":{"enabled":false,"date":"2026-05-03 13:46:27","action":"change-status","newStatus":"draft","terms":[],"taxonomy":"category","extraData":[]},"publishpress_future_workflow_manual_trigger":{"enabledWorkflows":[]},"_links":{"self":[{"href":"https:\/\/djecja.tv\/index.php?rest_route=\/wp\/v2\/posts\/10831","targetHints":{"allow":["GET"]}}],"collection":[{"href":"https:\/\/djecja.tv\/index.php?rest_route=\/wp\/v2\/posts"}],"about":[{"href":"https:\/\/djecja.tv\/index.php?rest_route=\/wp\/v2\/types\/post"}],"author":[{"embeddable":true,"href":"https:\/\/djecja.tv\/index.php?rest_route=\/wp\/v2\/users\/1"}],"replies":[{"embeddable":true,"href":"https:\/\/djecja.tv\/index.php?rest_route=%2Fwp%2Fv2%2Fcomments&post=10831"}],"version-history":[{"count":11,"href":"https:\/\/djecja.tv\/index.php?rest_route=\/wp\/v2\/posts\/10831\/revisions"}],"predecessor-version":[{"id":10879,"href":"https:\/\/djecja.tv\/index.php?rest_route=\/wp\/v2\/posts\/10831\/revisions\/10879"}],"wp:featuredmedia":[{"embeddable":true,"href":"https:\/\/djecja.tv\/index.php?rest_route=\/wp\/v2\/media\/10832"}],"wp:attachment":[{"href":"https:\/\/djecja.tv\/index.php?rest_route=%2Fwp%2Fv2%2Fmedia&parent=10831"}],"wp:term":[{"taxonomy":"category","embeddable":true,"href":"https:\/\/djecja.tv\/index.php?rest_route=%2Fwp%2Fv2%2Fcategories&post=10831"},{"taxonomy":"post_tag","embeddable":true,"href":"https:\/\/djecja.tv\/index.php?rest_route=%2Fwp%2Fv2%2Ftags&post=10831"}],"curies":[{"name":"wp","href":"https:\/\/api.w.org\/{rel}","templated":true}]}}