{"id":10003,"date":"2016-02-17T11:12:45","date_gmt":"2016-02-17T10:12:45","guid":{"rendered":"http:\/\/djecja.tv\/?p=10003"},"modified":"2016-02-17T11:12:45","modified_gmt":"2016-02-17T10:12:45","slug":"kalnovecki-skolarci-ucionica-geografije","status":"publish","type":"post","link":"https:\/\/djecja.tv\/?p=10003","title":{"rendered":"KALNOVE\u010cKI \u0160KOLARCI &#8211; U\u010dionica geografije"},"content":{"rendered":"[vc_row][vc_column width=&#8221;1\/1&#8243;][vc_video link=&#8221;https:\/\/youtu.be\/VReEQm64Ct0&#8243;][\/vc_column][\/vc_row]\n","protected":false},"excerpt":{"rendered":"<p>Poslu\u0161ajte i pogledajte glazbeni spot zbora &#8220;Kalnove\u010dki \u0161kolarci&#8221;.<\/p>\n","protected":false},"author":1,"featured_media":10004,"comment_status":"open","ping_status":"open","sticky":false,"template":"","format":"standard","meta":{"footnotes":""},"categories":[48,87],"tags":[],"class_list":["post-10003","post","type-post","status-publish","format-standard","has-post-thumbnail","hentry","category-novosti","category-video-zborovi"],"yoast_head":"<!-- This site is optimized with the Yoast SEO plugin v27.4 - https:\/\/yoast.com\/product\/yoast-seo-wordpress\/ -->\n<title>KALNOVE\u010cKI \u0160KOLARCI - U\u010dionica geografije - Dje\u010dja televizija<\/title>\n<meta name=\"robots\" content=\"index, follow, max-snippet:-1, max-image-preview:large, max-video-preview:-1\" \/>\n<link rel=\"canonical\" href=\"https:\/\/djecja.tv\/?p=10003\" \/>\n<meta property=\"og:locale\" content=\"en_US\" \/>\n<meta property=\"og:type\" content=\"article\" \/>\n<meta property=\"og:title\" content=\"KALNOVE\u010cKI \u0160KOLARCI - U\u010dionica geografije - Dje\u010dja televizija\" \/>\n<meta property=\"og:description\" content=\"Poslu\u0161ajte i pogledajte glazbeni spot zbora &quot;Kalnove\u010dki \u0161kolarci&quot;.\" \/>\n<meta property=\"og:url\" content=\"https:\/\/djecja.tv\/?p=10003\" \/>\n<meta property=\"og:site_name\" content=\"Dje\u010dja televizija\" \/>\n<meta property=\"article:published_time\" content=\"2016-02-17T10:12:45+00:00\" \/>\n<meta property=\"og:image\" content=\"https:\/\/djecja.tv\/wp-content\/uploads\/2016\/02\/kalnovacki-skolarci.jpg\" \/>\n\t<meta property=\"og:image:width\" content=\"960\" \/>\n\t<meta property=\"og:image:height\" content=\"509\" \/>\n\t<meta property=\"og:image:type\" content=\"image\/jpeg\" \/>\n<meta name=\"author\" content=\"Dje\u010dja televizija\" \/>\n<meta name=\"twitter:card\" content=\"summary_large_image\" \/>\n<meta name=\"twitter:label1\" content=\"Written by\" \/>\n\t<meta name=\"twitter:data1\" content=\"Dje\u010dja televizija\" \/>\n<script type=\"application\/ld+json\" class=\"yoast-schema-graph\">{\"@context\":\"https:\\\/\\\/schema.org\",\"@graph\":[{\"@type\":\"Article\",\"@id\":\"https:\\\/\\\/djecja.tv\\\/?p=10003#article\",\"isPartOf\":{\"@id\":\"https:\\\/\\\/djecja.tv\\\/?p=10003\"},\"author\":{\"name\":\"Dje\u010dja televizija\",\"@id\":\"https:\\\/\\\/djecja.tv\\\/#\\\/schema\\\/person\\\/be623017e2604f134e860c1c2ca30758\"},\"headline\":\"KALNOVE\u010cKI \u0160KOLARCI &#8211; U\u010dionica geografije\",\"datePublished\":\"2016-02-17T10:12:45+00:00\",\"mainEntityOfPage\":{\"@id\":\"https:\\\/\\\/djecja.tv\\\/?p=10003\"},\"wordCount\":24,\"commentCount\":0,\"image\":{\"@id\":\"https:\\\/\\\/djecja.tv\\\/?p=10003#primaryimage\"},\"thumbnailUrl\":\"https:\\\/\\\/djecja.tv\\\/wp-content\\\/uploads\\\/2016\\\/02\\\/kalnovacki-skolarci.jpg\",\"articleSection\":[\"Novosti\",\"video-zborovi\"],\"inLanguage\":\"en-US\",\"potentialAction\":[{\"@type\":\"CommentAction\",\"name\":\"Comment\",\"target\":[\"https:\\\/\\\/djecja.tv\\\/?p=10003#respond\"]}]},{\"@type\":\"WebPage\",\"@id\":\"https:\\\/\\\/djecja.tv\\\/?p=10003\",\"url\":\"https:\\\/\\\/djecja.tv\\\/?p=10003\",\"name\":\"KALNOVE\u010cKI \u0160KOLARCI - U\u010dionica geografije - Dje\u010dja televizija\",\"isPartOf\":{\"@id\":\"https:\\\/\\\/djecja.tv\\\/#website\"},\"primaryImageOfPage\":{\"@id\":\"https:\\\/\\\/djecja.tv\\\/?p=10003#primaryimage\"},\"image\":{\"@id\":\"https:\\\/\\\/djecja.tv\\\/?p=10003#primaryimage\"},\"thumbnailUrl\":\"https:\\\/\\\/djecja.tv\\\/wp-content\\\/uploads\\\/2016\\\/02\\\/kalnovacki-skolarci.jpg\",\"datePublished\":\"2016-02-17T10:12:45+00:00\",\"author\":{\"@id\":\"https:\\\/\\\/djecja.tv\\\/#\\\/schema\\\/person\\\/be623017e2604f134e860c1c2ca30758\"},\"breadcrumb\":{\"@id\":\"https:\\\/\\\/djecja.tv\\\/?p=10003#breadcrumb\"},\"inLanguage\":\"en-US\",\"potentialAction\":[{\"@type\":\"ReadAction\",\"target\":[\"https:\\\/\\\/djecja.tv\\\/?p=10003\"]}]},{\"@type\":\"ImageObject\",\"inLanguage\":\"en-US\",\"@id\":\"https:\\\/\\\/djecja.tv\\\/?p=10003#primaryimage\",\"url\":\"https:\\\/\\\/djecja.tv\\\/wp-content\\\/uploads\\\/2016\\\/02\\\/kalnovacki-skolarci.jpg\",\"contentUrl\":\"https:\\\/\\\/djecja.tv\\\/wp-content\\\/uploads\\\/2016\\\/02\\\/kalnovacki-skolarci.jpg\",\"width\":960,\"height\":509},{\"@type\":\"BreadcrumbList\",\"@id\":\"https:\\\/\\\/djecja.tv\\\/?p=10003#breadcrumb\",\"itemListElement\":[{\"@type\":\"ListItem\",\"position\":1,\"name\":\"Home\",\"item\":\"https:\\\/\\\/djecja.tv\\\/\"},{\"@type\":\"ListItem\",\"position\":2,\"name\":\"KALNOVE\u010cKI \u0160KOLARCI &#8211; U\u010dionica geografije\"}]},{\"@type\":\"WebSite\",\"@id\":\"https:\\\/\\\/djecja.tv\\\/#website\",\"url\":\"https:\\\/\\\/djecja.tv\\\/\",\"name\":\"Dje\u010dja televizija\",\"description\":\"\",\"potentialAction\":[{\"@type\":\"SearchAction\",\"target\":{\"@type\":\"EntryPoint\",\"urlTemplate\":\"https:\\\/\\\/djecja.tv\\\/?s={search_term_string}\"},\"query-input\":{\"@type\":\"PropertyValueSpecification\",\"valueRequired\":true,\"valueName\":\"search_term_string\"}}],\"inLanguage\":\"en-US\"},{\"@type\":\"Person\",\"@id\":\"https:\\\/\\\/djecja.tv\\\/#\\\/schema\\\/person\\\/be623017e2604f134e860c1c2ca30758\",\"name\":\"Dje\u010dja televizija\",\"image\":{\"@type\":\"ImageObject\",\"inLanguage\":\"en-US\",\"@id\":\"https:\\\/\\\/secure.gravatar.com\\\/avatar\\\/dff39974bf5b8b263ac8487f1947a3512561df2b4250db77d51fd2edeab95769?s=96&d=mm&r=g\",\"url\":\"https:\\\/\\\/secure.gravatar.com\\\/avatar\\\/dff39974bf5b8b263ac8487f1947a3512561df2b4250db77d51fd2edeab95769?s=96&d=mm&r=g\",\"contentUrl\":\"https:\\\/\\\/secure.gravatar.com\\\/avatar\\\/dff39974bf5b8b263ac8487f1947a3512561df2b4250db77d51fd2edeab95769?s=96&d=mm&r=g\",\"caption\":\"Dje\u010dja televizija\"},\"url\":\"https:\\\/\\\/djecja.tv\\\/?author=1\"}]}<\/script>\n<!-- \/ Yoast SEO plugin. -->","yoast_head_json":{"title":"KALNOVE\u010cKI \u0160KOLARCI - U\u010dionica geografije - Dje\u010dja televizija","robots":{"index":"index","follow":"follow","max-snippet":"max-snippet:-1","max-image-preview":"max-image-preview:large","max-video-preview":"max-video-preview:-1"},"canonical":"https:\/\/djecja.tv\/?p=10003","og_locale":"en_US","og_type":"article","og_title":"KALNOVE\u010cKI \u0160KOLARCI - U\u010dionica geografije - Dje\u010dja televizija","og_description":"Poslu\u0161ajte i pogledajte glazbeni spot zbora \"Kalnove\u010dki \u0161kolarci\".","og_url":"https:\/\/djecja.tv\/?p=10003","og_site_name":"Dje\u010dja televizija","article_published_time":"2016-02-17T10:12:45+00:00","og_image":[{"width":960,"height":509,"url":"https:\/\/djecja.tv\/wp-content\/uploads\/2016\/02\/kalnovacki-skolarci.jpg","type":"image\/jpeg"}],"author":"Dje\u010dja televizija","twitter_card":"summary_large_image","twitter_misc":{"Written by":"Dje\u010dja televizija"},"schema":{"@context":"https:\/\/schema.org","@graph":[{"@type":"Article","@id":"https:\/\/djecja.tv\/?p=10003#article","isPartOf":{"@id":"https:\/\/djecja.tv\/?p=10003"},"author":{"name":"Dje\u010dja televizija","@id":"https:\/\/djecja.tv\/#\/schema\/person\/be623017e2604f134e860c1c2ca30758"},"headline":"KALNOVE\u010cKI \u0160KOLARCI &#8211; U\u010dionica geografije","datePublished":"2016-02-17T10:12:45+00:00","mainEntityOfPage":{"@id":"https:\/\/djecja.tv\/?p=10003"},"wordCount":24,"commentCount":0,"image":{"@id":"https:\/\/djecja.tv\/?p=10003#primaryimage"},"thumbnailUrl":"https:\/\/djecja.tv\/wp-content\/uploads\/2016\/02\/kalnovacki-skolarci.jpg","articleSection":["Novosti","video-zborovi"],"inLanguage":"en-US","potentialAction":[{"@type":"CommentAction","name":"Comment","target":["https:\/\/djecja.tv\/?p=10003#respond"]}]},{"@type":"WebPage","@id":"https:\/\/djecja.tv\/?p=10003","url":"https:\/\/djecja.tv\/?p=10003","name":"KALNOVE\u010cKI \u0160KOLARCI - U\u010dionica geografije - Dje\u010dja televizija","isPartOf":{"@id":"https:\/\/djecja.tv\/#website"},"primaryImageOfPage":{"@id":"https:\/\/djecja.tv\/?p=10003#primaryimage"},"image":{"@id":"https:\/\/djecja.tv\/?p=10003#primaryimage"},"thumbnailUrl":"https:\/\/djecja.tv\/wp-content\/uploads\/2016\/02\/kalnovacki-skolarci.jpg","datePublished":"2016-02-17T10:12:45+00:00","author":{"@id":"https:\/\/djecja.tv\/#\/schema\/person\/be623017e2604f134e860c1c2ca30758"},"breadcrumb":{"@id":"https:\/\/djecja.tv\/?p=10003#breadcrumb"},"inLanguage":"en-US","potentialAction":[{"@type":"ReadAction","target":["https:\/\/djecja.tv\/?p=10003"]}]},{"@type":"ImageObject","inLanguage":"en-US","@id":"https:\/\/djecja.tv\/?p=10003#primaryimage","url":"https:\/\/djecja.tv\/wp-content\/uploads\/2016\/02\/kalnovacki-skolarci.jpg","contentUrl":"https:\/\/djecja.tv\/wp-content\/uploads\/2016\/02\/kalnovacki-skolarci.jpg","width":960,"height":509},{"@type":"BreadcrumbList","@id":"https:\/\/djecja.tv\/?p=10003#breadcrumb","itemListElement":[{"@type":"ListItem","position":1,"name":"Home","item":"https:\/\/djecja.tv\/"},{"@type":"ListItem","position":2,"name":"KALNOVE\u010cKI \u0160KOLARCI &#8211; U\u010dionica geografije"}]},{"@type":"WebSite","@id":"https:\/\/djecja.tv\/#website","url":"https:\/\/djecja.tv\/","name":"Dje\u010dja televizija","description":"","potentialAction":[{"@type":"SearchAction","target":{"@type":"EntryPoint","urlTemplate":"https:\/\/djecja.tv\/?s={search_term_string}"},"query-input":{"@type":"PropertyValueSpecification","valueRequired":true,"valueName":"search_term_string"}}],"inLanguage":"en-US"},{"@type":"Person","@id":"https:\/\/djecja.tv\/#\/schema\/person\/be623017e2604f134e860c1c2ca30758","name":"Dje\u010dja televizija","image":{"@type":"ImageObject","inLanguage":"en-US","@id":"https:\/\/secure.gravatar.com\/avatar\/dff39974bf5b8b263ac8487f1947a3512561df2b4250db77d51fd2edeab95769?s=96&d=mm&r=g","url":"https:\/\/secure.gravatar.com\/avatar\/dff39974bf5b8b263ac8487f1947a3512561df2b4250db77d51fd2edeab95769?s=96&d=mm&r=g","contentUrl":"https:\/\/secure.gravatar.com\/avatar\/dff39974bf5b8b263ac8487f1947a3512561df2b4250db77d51fd2edeab95769?s=96&d=mm&r=g","caption":"Dje\u010dja televizija"},"url":"https:\/\/djecja.tv\/?author=1"}]}},"publishpress_future_action":{"enabled":false,"date":"2026-05-03 13:46:24","action":"change-status","newStatus":"draft","terms":[],"taxonomy":"category","extraData":[]},"publishpress_future_workflow_manual_trigger":{"enabledWorkflows":[]},"_links":{"self":[{"href":"https:\/\/djecja.tv\/index.php?rest_route=\/wp\/v2\/posts\/10003","targetHints":{"allow":["GET"]}}],"collection":[{"href":"https:\/\/djecja.tv\/index.php?rest_route=\/wp\/v2\/posts"}],"about":[{"href":"https:\/\/djecja.tv\/index.php?rest_route=\/wp\/v2\/types\/post"}],"author":[{"embeddable":true,"href":"https:\/\/djecja.tv\/index.php?rest_route=\/wp\/v2\/users\/1"}],"replies":[{"embeddable":true,"href":"https:\/\/djecja.tv\/index.php?rest_route=%2Fwp%2Fv2%2Fcomments&post=10003"}],"version-history":[{"count":1,"href":"https:\/\/djecja.tv\/index.php?rest_route=\/wp\/v2\/posts\/10003\/revisions"}],"predecessor-version":[{"id":10005,"href":"https:\/\/djecja.tv\/index.php?rest_route=\/wp\/v2\/posts\/10003\/revisions\/10005"}],"wp:featuredmedia":[{"embeddable":true,"href":"https:\/\/djecja.tv\/index.php?rest_route=\/wp\/v2\/media\/10004"}],"wp:attachment":[{"href":"https:\/\/djecja.tv\/index.php?rest_route=%2Fwp%2Fv2%2Fmedia&parent=10003"}],"wp:term":[{"taxonomy":"category","embeddable":true,"href":"https:\/\/djecja.tv\/index.php?rest_route=%2Fwp%2Fv2%2Fcategories&post=10003"},{"taxonomy":"post_tag","embeddable":true,"href":"https:\/\/djecja.tv\/index.php?rest_route=%2Fwp%2Fv2%2Ftags&post=10003"}],"curies":[{"name":"wp","href":"https:\/\/api.w.org\/{rel}","templated":true}]}}